{"id":83466,"date":"2025-10-27T12:09:02","date_gmt":"2025-10-27T16:09:02","guid":{"rendered":"https:\/\/pldaldia.com\/portada\/?p=83466"},"modified":"2025-10-27T12:09:02","modified_gmt":"2025-10-27T16:09:02","slug":"en-el-cuarto-aniversario-del-fallecimiento-de-reinaldo-pared-perez","status":"publish","type":"post","link":"https:\/\/pldaldia.com\/portada\/en-el-cuarto-aniversario-del-fallecimiento-de-reinaldo-pared-perez\/","title":{"rendered":"En el cuarto aniversario del fallecimiento de Reinaldo Pared P\u00e9rez"},"content":{"rendered":"<p>Misa a la Memoria del secretario general Ad-Vitam del PLD, Reinaldo Pared P\u00e9rez, este martes 28 octubre a las 6.00 p.m. en la parroquia San Juan Bosco.<\/p>\n<p>En el Partido de la Liberaci\u00f3n Dominicana (PLD) se preparan para participar en la Eucarist\u00eda, programada a la memoria de su secretario general Ad-Vitam, Reinaldo Pared P\u00e9rez en el cuarto aniversario de su partida.<\/p>\n<p>La ceremonia religiosa dispuesta por sus familiares se realizar\u00e1 este martes, 28 de octubre 2025, en la parroquia San Juan Bosco del Sector del mismo nombre en el Distrito Nacional a partir de las 6.00 de la tarde.<\/p>\n<p>Mediante sus canales oficiales el PLD est\u00e1 invitando a sus miembros y militantes a acompa\u00f1ar a los familiares de Reinaldo Pared P\u00e9rez a la ceremonia religiosa de recordaci\u00f3n de sus aportes como dirigente pol\u00edtico, profesor universitario y congresista.<\/p>\n<p>En el a\u00f1o 2001 Reinaldo Pared P\u00e9rez es elegido secretario general del PLD, siendo reelecto para dicho cargo en el a\u00f1o 2005, permaneciendo hasta el 2020.<\/p>\n<p>En el IX Congreso ordinario Jos\u00e9 Joaqu\u00edn Bid\u00f3 Medina, fue declarado \u201csecretario general Ad-Vitam\u2019\u2019.<\/p>\n<p>La misma noche del 28 de octubre se confirm\u00f3 la noticia del fallecimiento Reinaldo Pared P\u00e9rez, sepultado dos d\u00edas despu\u00e9s en un concurrido sepelio con la asistencia de dirigentes del PLD de otros partidos pol\u00edticos, congresistas, juristas, acad\u00e9micos y gente del pueblo lamentando su fallecimiento.<\/p>\n","protected":false},"excerpt":{"rendered":"<p>Misa a la Memoria del secretario general Ad-Vitam del PLD, Reinaldo Pared P\u00e9rez, este martes 28 octubre a las 6.00 p.m. en la parroquia San Juan Bosco. En el Partido de la Liberaci\u00f3n Dominicana (PLD) se preparan para participar en la Eucarist\u00eda, programada a la memoria de su secretario general Ad-Vitam, Reinaldo Pared P\u00e9rez en [&hellip;]<\/p>\n","protected":false},"author":1,"featured_media":83467,"comment_status":"open","ping_status":"open","sticky":false,"template":"","format":"standard","meta":{"tdm_status":"","tdm_grid_status":"","footnotes":""},"categories":[9],"tags":[],"_links":{"self":[{"href":"https:\/\/pldaldia.com\/portada\/wp-json\/wp\/v2\/posts\/83466"}],"collection":[{"href":"https:\/\/pldaldia.com\/portada\/wp-json\/wp\/v2\/posts"}],"about":[{"href":"https:\/\/pldaldia.com\/portada\/wp-json\/wp\/v2\/types\/post"}],"author":[{"embeddable":true,"href":"https:\/\/pldaldia.com\/portada\/wp-json\/wp\/v2\/users\/1"}],"replies":[{"embeddable":true,"href":"https:\/\/pldaldia.com\/portada\/wp-json\/wp\/v2\/comments?post=83466"}],"version-history":[{"count":1,"href":"https:\/\/pldaldia.com\/portada\/wp-json\/wp\/v2\/posts\/83466\/revisions"}],"predecessor-version":[{"id":83468,"href":"https:\/\/pldaldia.com\/portada\/wp-json\/wp\/v2\/posts\/83466\/revisions\/83468"}],"wp:featuredmedia":[{"embeddable":true,"href":"https:\/\/pldaldia.com\/portada\/wp-json\/wp\/v2\/media\/83467"}],"wp:attachment":[{"href":"https:\/\/pldaldia.com\/portada\/wp-json\/wp\/v2\/media?parent=83466"}],"wp:term":[{"taxonomy":"category","embeddable":true,"href":"https:\/\/pldaldia.com\/portada\/wp-json\/wp\/v2\/categories?post=83466"},{"taxonomy":"post_tag","embeddable":true,"href":"https:\/\/pldaldia.com\/portada\/wp-json\/wp\/v2\/tags?post=83466"}],"curies":[{"name":"wp","href":"https:\/\/api.w.org\/{rel}","templated":true}]}}