{"id":83478,"date":"2025-10-28T04:10:50","date_gmt":"2025-10-28T08:10:50","guid":{"rendered":"https:\/\/pldaldia.com\/portada\/?p=83478"},"modified":"2025-10-28T04:10:50","modified_gmt":"2025-10-28T08:10:50","slug":"dia-internacional-de-la-animacion","status":"publish","type":"post","link":"https:\/\/pldaldia.com\/portada\/dia-internacional-de-la-animacion\/","title":{"rendered":"D\u00eda Internacional de la Animaci\u00f3n"},"content":{"rendered":"<p>Desde el a\u00f1o 2003, por iniciativa de la Asociaci\u00f3n Internacional de Films de Animaci\u00f3n (ASIFA), cada 28 de octubre se celebra el D\u00eda Mundial de la Animaci\u00f3n. Esta fecha corresponde a la conmemoraci\u00f3n de la primera proyecci\u00f3n p\u00fablica de cine animado.<\/p>\n<p>Dicho evento fue llevado a cabo en 1892 por el pionero del cine franc\u00e9s, Charles-\u00c9mile Reynauden en el Museo Gr\u00e9vin de Par\u00eds (Francia).<\/p>\n","protected":false},"excerpt":{"rendered":"<p>Desde el a\u00f1o 2003, por iniciativa de la Asociaci\u00f3n Internacional de Films de Animaci\u00f3n (ASIFA), cada 28 de octubre se celebra el D\u00eda Mundial de la Animaci\u00f3n. Esta fecha corresponde a la conmemoraci\u00f3n de la primera proyecci\u00f3n p\u00fablica de cine animado. Dicho evento fue llevado a cabo en 1892 por el pionero del cine franc\u00e9s, [&hellip;]<\/p>\n","protected":false},"author":1,"featured_media":83477,"comment_status":"open","ping_status":"open","sticky":false,"template":"","format":"standard","meta":{"tdm_status":"","tdm_grid_status":"","footnotes":""},"categories":[57],"tags":[],"_links":{"self":[{"href":"https:\/\/pldaldia.com\/portada\/wp-json\/wp\/v2\/posts\/83478"}],"collection":[{"href":"https:\/\/pldaldia.com\/portada\/wp-json\/wp\/v2\/posts"}],"about":[{"href":"https:\/\/pldaldia.com\/portada\/wp-json\/wp\/v2\/types\/post"}],"author":[{"embeddable":true,"href":"https:\/\/pldaldia.com\/portada\/wp-json\/wp\/v2\/users\/1"}],"replies":[{"embeddable":true,"href":"https:\/\/pldaldia.com\/portada\/wp-json\/wp\/v2\/comments?post=83478"}],"version-history":[{"count":1,"href":"https:\/\/pldaldia.com\/portada\/wp-json\/wp\/v2\/posts\/83478\/revisions"}],"predecessor-version":[{"id":83479,"href":"https:\/\/pldaldia.com\/portada\/wp-json\/wp\/v2\/posts\/83478\/revisions\/83479"}],"wp:featuredmedia":[{"embeddable":true,"href":"https:\/\/pldaldia.com\/portada\/wp-json\/wp\/v2\/media\/83477"}],"wp:attachment":[{"href":"https:\/\/pldaldia.com\/portada\/wp-json\/wp\/v2\/media?parent=83478"}],"wp:term":[{"taxonomy":"category","embeddable":true,"href":"https:\/\/pldaldia.com\/portada\/wp-json\/wp\/v2\/categories?post=83478"},{"taxonomy":"post_tag","embeddable":true,"href":"https:\/\/pldaldia.com\/portada\/wp-json\/wp\/v2\/tags?post=83478"}],"curies":[{"name":"wp","href":"https:\/\/api.w.org\/{rel}","templated":true}]}}