{"id":83480,"date":"2025-10-28T04:12:34","date_gmt":"2025-10-28T08:12:34","guid":{"rendered":"https:\/\/pldaldia.com\/portada\/?p=83480"},"modified":"2025-10-28T04:12:34","modified_gmt":"2025-10-28T08:12:34","slug":"la-xix-cumbre-de-los-paises-no-alineados","status":"publish","type":"post","link":"https:\/\/pldaldia.com\/portada\/la-xix-cumbre-de-los-paises-no-alineados\/","title":{"rendered":"La XIX Cumbre de Los Pa\u00edses no Alineados"},"content":{"rendered":"<p>Por: Luis Fern\u00e1ndez | La XIX Conferencia Ministerial de Mitad de<br \/>\nPer\u00edodo del Movimiento de Pa\u00edses No<br \/>\nAlineados (MNOAL), fue celebrada el 15 y<br \/>\n16 de octubre de 2025, con la participaci\u00f3n<br \/>\nde los ministros de relaciones exteriores o<br \/>\nrepresentantes de m\u00e1s de 100 pa\u00edses para<br \/>\ndebatir los desaf\u00edos globales, reafirmar la<br \/>\nsoberan\u00eda y la autodeterminaci\u00f3n de los<br \/>\nEstados, y expresar solidaridad con<br \/>\nnaciones como Venezuela, Cuba y<br \/>\nPalestina.<\/p>\n<p>La reuni\u00f3n de los pa\u00edses no alineados se celebr\u00f3 en la ciudad de<br \/>\nKampala, capital de la rep\u00fablica de Uganda, en el \u00c1frica Oriental en la<br \/>\nregi\u00f3n de los grandes lagos, el Movimiento de Pa\u00edses No Alineados<br \/>\n(MNOAL), fundado oficialmente en 1961 es un\u00a0foro de 120 pa\u00edses<br \/>\nunidos en la b\u00fasqueda de un orden multipolar m\u00e1s equilibrado, en el<br \/>\nque Asia, \u00c1frica y Am\u00e9rica Latina tuvieran mayor voz.<br \/>\nLos lideres de este movimiento promovieron una tercera v\u00eda frente a<br \/>\nla bipolaridad mundial de esa \u00e9poca, defendiendo la soberan\u00eda<br \/>\nnacional, la no intervenci\u00f3n y la cooperaci\u00f3n sur-sur y en la<br \/>\nactualidad sigue siendo un foro importante frente a temas como la<br \/>\nhegemon\u00eda de las grandes potencias, la reforma del sistema<br \/>\nfinanciero internacional y la defensa de la soberan\u00eda nacional ante<br \/>\npresiones externas.<br \/>\nLa XIX reunion ministerial del (MNOAL) se consider\u00f3 un ejemplo de<br \/>\nunidad y defensa de los principios del movimiento,\u00a0se renovaron los<br \/>\nllamamientos en pro del multilateralismo inclusivo, en medio de las<br \/>\ncrecientes tensiones geopol\u00edticas, la defensa del derecho de los<br \/>\npueblos a decidir su destino sin imposiciones externas y la lucha por<br \/>\nun orden internacional m\u00e1s justo.<br \/>\nEl presidente ugand\u00e9s, Yoweri Museveni, quien presidi\u00f3 la reuni\u00f3n<br \/>\nque tiene como lema \u00abProfundizar la cooperaci\u00f3n para la riqueza<br \/>\nglobal compartida\u00bb, dijo que ning\u00fan pa\u00eds debe buscar dominar a<br \/>\notros, y subray\u00f3 que cada naci\u00f3n tiene el derecho soberano de elegir<br \/>\nsu propio camino de desarrollo, inst\u00f3 a los pa\u00edses a enfocarse en<br \/>\n\u00e1reas de beneficio mutuo como comercio, inversi\u00f3n y turismo.<br \/>\nEl evento se realiz\u00f3 en momentos de grandes tensiones mundiales,<br \/>\ncomplejos y m\u00faltiples desaf\u00edos, crisis humanitarias, cambio clim\u00e1tico,<br \/>\ndeuda externa, flujos migratorios, inestabilidad econ\u00f3mica, conflictos<\/p>\n<p>armados, inseguridad alimentaria y desigualdad y pobreza creciente,<br \/>\nlo que hace necesario la vigencia del movimiento como voz global<br \/>\nfrente a los nuevos retos internacionales.<br \/>\nEntre los temas claves de esta XIX conferencia del Movimiento de los<br \/>\npaises no alineados estuvieron , abordar los desaf\u00edos globales que<br \/>\namenazan la paz y la estabilidad,\u00a0reafirmar los principios de<br \/>\nsoberan\u00eda, autodeterminaci\u00f3n y respeto al derecho<br \/>\ninternacional,\u00a0mostrar solidaridad con los pueblos palestino,<br \/>\nVenezolano y Cubano y respaldar el caso de Sud\u00e1frica contra Israel<br \/>\nen la Corte Internacional de Justicia.<br \/>\nLa XIX Conferencia Ministerial del Movimiento de Pa\u00edses No Alineados<br \/>\n(MNOAL), emiti\u00f3 la declaraci\u00f3n de Kampala con varios temas<br \/>\nimportantes entre ellos su respaldo a Venezuela ante las amenazas<br \/>\nexternas , haciendo un llamado a la moderaci\u00f3n en Am\u00e9rica Latina,<br \/>\nal respeto del derecho internacional, el di\u00e1logo, la soberania y al uso<br \/>\nde la diplomacia para evitar una escalada militar en el Caribe.<br \/>\nCon relaci\u00f3n al conflicto Israeli-Palestino, el documento de los no<br \/>\nalineados llam\u00f3 al fin de la ocupaci\u00f3n ilegal israel\u00ed, a la rendici\u00f3n de<br \/>\ncuentas de Israel por cr\u00edmenes de guerra y a la creaci\u00f3n de un Estado<br \/>\npalestino soberano en las fronteras de 1967 con Jerusal\u00e9n Oriental<br \/>\ncomo su capital, ademas de destacar la importancia de la unidad del<br \/>\nSur Global en la defensa de la Carta de las Naciones Unidas.<br \/>\nLa declaraci\u00f3n de Kampala reconoce la migraci\u00f3n como un fen\u00f3meno<br \/>\nestructural y multifactorial, no un delito y condena la criminalizaci\u00f3n<br \/>\ny detenci\u00f3n de migrantes, solicitando cooperaci\u00f3n en temas de trata<br \/>\ny tr\u00e1fico de personas y politicas internacionales basadas en la<br \/>\nsolidaridad, derechos humanos y laborales plenos sin discriminaci\u00f3n<br \/>\nalguna y cooperaci\u00f3n internacional.<br \/>\nCon relaci\u00f3n a Cuba se se\u00f1ala que, \u201cel movimiento de paises no<br \/>\nalineados condena energicamente el prolongado bloqueo econ\u00f3mico,<br \/>\ncomercial y financiero impuesto por los Estados Unidos contra cuba,<br \/>\nque constituye una violacion flagrante de la carta de las naciones<br \/>\nUnidas y del derecho internacional\u201d, solicitando la eliminaci\u00f3n de<br \/>\nCuba de la lista unilateral de Estados patrocinadores del terrorismo.<\/p>\n<p>La XIX conferencia de los paises no alineados deber\u00e1 fortalecer la<br \/>\nlegitimidad hist\u00f3rica de paises que nacieron del colonialismo y luchan<br \/>\npor un orden internacional multipolar justo, solidario e inclusivo,<br \/>\nfrente al unilateralismo, de un mundo fragmentado, donde tal como<br \/>\nlo plantea la declaraci\u00f3n de Kampala,\u201del multilateralismo no puede<br \/>\nser un privilegio de los poderosos ,sino un derecho de todos los<br \/>\npueblos\u201d.<\/p>\n","protected":false},"excerpt":{"rendered":"<p>Por: Luis Fern\u00e1ndez | La XIX Conferencia Ministerial de Mitad de Per\u00edodo del Movimiento de Pa\u00edses No Alineados (MNOAL), fue celebrada el 15 y 16 de octubre de 2025, con la participaci\u00f3n de los ministros de relaciones exteriores o representantes de m\u00e1s de 100 pa\u00edses para debatir los desaf\u00edos globales, reafirmar la soberan\u00eda y la [&hellip;]<\/p>\n","protected":false},"author":1,"featured_media":65184,"comment_status":"open","ping_status":"open","sticky":false,"template":"","format":"standard","meta":{"tdm_status":"","tdm_grid_status":"","footnotes":""},"categories":[53],"tags":[],"_links":{"self":[{"href":"https:\/\/pldaldia.com\/portada\/wp-json\/wp\/v2\/posts\/83480"}],"collection":[{"href":"https:\/\/pldaldia.com\/portada\/wp-json\/wp\/v2\/posts"}],"about":[{"href":"https:\/\/pldaldia.com\/portada\/wp-json\/wp\/v2\/types\/post"}],"author":[{"embeddable":true,"href":"https:\/\/pldaldia.com\/portada\/wp-json\/wp\/v2\/users\/1"}],"replies":[{"embeddable":true,"href":"https:\/\/pldaldia.com\/portada\/wp-json\/wp\/v2\/comments?post=83480"}],"version-history":[{"count":1,"href":"https:\/\/pldaldia.com\/portada\/wp-json\/wp\/v2\/posts\/83480\/revisions"}],"predecessor-version":[{"id":83481,"href":"https:\/\/pldaldia.com\/portada\/wp-json\/wp\/v2\/posts\/83480\/revisions\/83481"}],"wp:featuredmedia":[{"embeddable":true,"href":"https:\/\/pldaldia.com\/portada\/wp-json\/wp\/v2\/media\/65184"}],"wp:attachment":[{"href":"https:\/\/pldaldia.com\/portada\/wp-json\/wp\/v2\/media?parent=83480"}],"wp:term":[{"taxonomy":"category","embeddable":true,"href":"https:\/\/pldaldia.com\/portada\/wp-json\/wp\/v2\/categories?post=83480"},{"taxonomy":"post_tag","embeddable":true,"href":"https:\/\/pldaldia.com\/portada\/wp-json\/wp\/v2\/tags?post=83480"}],"curies":[{"name":"wp","href":"https:\/\/api.w.org\/{rel}","templated":true}]}}