{"id":83486,"date":"2025-10-28T09:27:21","date_gmt":"2025-10-28T13:27:21","guid":{"rendered":"https:\/\/pldaldia.com\/portada\/?p=83486"},"modified":"2025-10-28T09:27:21","modified_gmt":"2025-10-28T13:27:21","slug":"persisten-las-lluvias-por-melissa","status":"publish","type":"post","link":"https:\/\/pldaldia.com\/portada\/persisten-las-lluvias-por-melissa\/","title":{"rendered":"Persisten las lluvias por Melissa"},"content":{"rendered":"<p>Este martes, durante las horas matutinas, persistir\u00e1n las precipitaciones, acompa\u00f1adas de tormentas el\u00e9ctricas y r\u00e1fagas de viento, principalmente sobre las provincias del suroeste, como Pedernales, Barahona, Azua, Bahoruco, Independencia y San Juan, as\u00ed como en zonas de la Cordillera Central y el sureste, incluyendo San Jos\u00e9 de Ocoa, Peravia, San Crist\u00f3bal y el Gran Santo Domingo, inform\u00f3 el Instituto Dominicanos de Meteorolog\u00eda (Indomet)<\/p>\n<p>Para la tarde y noche se espera que la actividad lluviosa contin\u00fae afectando las provincias antes mencionadas, extendi\u00e9ndose hacia San Pedro de Macor\u00eds, Monte Plata, Hato Mayor, Monse\u00f1or Nouel, S\u00e1nchez Ram\u00edrez, entre otras.<\/p>\n<p>\u201cEstas precipitaciones seguir\u00e1n impactando las provincias que permanecen bajo aviso y alerta meteorol\u00f3gica, por lo que se recomienda mantener las medidas preventivas ante posibles inundaciones urbanas, crecidas de r\u00edos, arroyos y ca\u00f1adas, as\u00ed como deslizamientos de tierra en zonas de alto riesgo\u201d, explica el Indomet en su informe de media ma\u00f1ana.<\/p>\n<p>Sobre el hurac\u00e1n Melissa de categor\u00eda 5 en la escala de Saffir-Simpson explica que se ubica en la latitud 17.2 que se desplaza al suroeste de Guant\u00e1namo (Cuba), movi\u00e9ndose hacia el nor\/noreste a 7 km\/h. Posee vientos m\u00e1ximos sostenidos de 280 km\/h con r\u00e1fagas superiores.<\/p>\n","protected":false},"excerpt":{"rendered":"<p>Este martes, durante las horas matutinas, persistir\u00e1n las precipitaciones, acompa\u00f1adas de tormentas el\u00e9ctricas y r\u00e1fagas de viento, principalmente sobre las provincias del suroeste, como Pedernales, Barahona, Azua, Bahoruco, Independencia y San Juan, as\u00ed como en zonas de la Cordillera Central y el sureste, incluyendo San Jos\u00e9 de Ocoa, Peravia, San Crist\u00f3bal y el Gran Santo [&hellip;]<\/p>\n","protected":false},"author":1,"featured_media":83487,"comment_status":"open","ping_status":"open","sticky":false,"template":"","format":"standard","meta":{"tdm_status":"","tdm_grid_status":"","footnotes":""},"categories":[9],"tags":[],"_links":{"self":[{"href":"https:\/\/pldaldia.com\/portada\/wp-json\/wp\/v2\/posts\/83486"}],"collection":[{"href":"https:\/\/pldaldia.com\/portada\/wp-json\/wp\/v2\/posts"}],"about":[{"href":"https:\/\/pldaldia.com\/portada\/wp-json\/wp\/v2\/types\/post"}],"author":[{"embeddable":true,"href":"https:\/\/pldaldia.com\/portada\/wp-json\/wp\/v2\/users\/1"}],"replies":[{"embeddable":true,"href":"https:\/\/pldaldia.com\/portada\/wp-json\/wp\/v2\/comments?post=83486"}],"version-history":[{"count":1,"href":"https:\/\/pldaldia.com\/portada\/wp-json\/wp\/v2\/posts\/83486\/revisions"}],"predecessor-version":[{"id":83488,"href":"https:\/\/pldaldia.com\/portada\/wp-json\/wp\/v2\/posts\/83486\/revisions\/83488"}],"wp:featuredmedia":[{"embeddable":true,"href":"https:\/\/pldaldia.com\/portada\/wp-json\/wp\/v2\/media\/83487"}],"wp:attachment":[{"href":"https:\/\/pldaldia.com\/portada\/wp-json\/wp\/v2\/media?parent=83486"}],"wp:term":[{"taxonomy":"category","embeddable":true,"href":"https:\/\/pldaldia.com\/portada\/wp-json\/wp\/v2\/categories?post=83486"},{"taxonomy":"post_tag","embeddable":true,"href":"https:\/\/pldaldia.com\/portada\/wp-json\/wp\/v2\/tags?post=83486"}],"curies":[{"name":"wp","href":"https:\/\/api.w.org\/{rel}","templated":true}]}}