{"id":83489,"date":"2025-10-28T09:29:45","date_gmt":"2025-10-28T13:29:45","guid":{"rendered":"https:\/\/pldaldia.com\/portada\/?p=83489"},"modified":"2025-10-28T09:29:45","modified_gmt":"2025-10-28T13:29:45","slug":"melissa-ataca-supera-a-sus-iguales-y-contra-ataca-2","status":"publish","type":"post","link":"https:\/\/pldaldia.com\/portada\/melissa-ataca-supera-a-sus-iguales-y-contra-ataca-2\/","title":{"rendered":"Melissa ataca, supera a sus iguales y contra ataca"},"content":{"rendered":"<p>Por: Santo Salvador Cuevas | En la historia escrita sobre la isla de Santo Domingo relacionada con los femenos atmosf\u00e9ricos,  desde 1492 hasta hoy, 2025, los habitantes conocimos en el tiempo de fen\u00f3menos clim\u00e1ticos tan letales a su paso, que hoy en dia es obligatorio citarle.<\/p>\n<p>Qui\u00e9n no escucho de los da\u00f1os que, de manera implacable cometieron, por ejemplo, los sillones de San Zen\u00f3n, en 1930; de In\u00e9s, en 1966; David, en 1979, o George  en 1978 quienes a su paso nos dejaron como secuela de un Santo Domingo devastado, destruido, ahogado entre el agua y el lodo, su agricultura destruida, millares de hogares afectados y muertes por montones de dominicanos humildes.<\/p>\n<p>Es que su paso sobre el territorio insular fue violento, marchando una velocidad, en algunos casos, superior a los 130 kilometro\/ h.<\/p>\n<p>Pero, al margen de su velocidad, en un dia \u00abse pasaba balance, se recog\u00edan los muertos y se contabilizaban las casas y la agricultura da\u00f1ada, un dia y la amenaza part\u00eda tras su trayectoria.<\/p>\n<p>Esta semana fuimos atacados por Melissa, ante su amenaza el gobierno suspendi\u00f3 docencia, cerr\u00f3 todas las oficinas p\u00fablicas y estableci\u00f3, junto a los \u00f3rganos competentes, los alertas amarillos y rojos.<\/p>\n<p>Pero ning\u00fan fenomeno en la historia fue igual a Melissa, quien, a diferencia de los conocidos que llegaron y se fueron en un d\u00eda, a una velocidad r\u00e1pida, con melissa nos encontramos la diferencia.<\/p>\n<p>Melissa no se desplazaba a 130 kilometro\/ h. No.<\/p>\n<p>Melissa estuvo estacionario entre las Rep\u00fablica de Barbado, Jamaica, Cuba y lla isla de Santo Domingo, atrapado entre dos nubosidades situadas \u00abentre el Atl\u00e1ntico y la parte Sur que arropa el Caribe\u00bb.<\/p>\n<p>Fruto de dicha nubosidad, fuimos testigos de un fenomeno cuyo radio de acci\u00f3n se manten\u00eda entre 2 kilometros\/ h., y 4 kilometro por hora. <\/p>\n<p>Marchaba lento, lo que facilitaba absorber los calores y convertirlo en un arma m\u00e1s peligrosa y letal que todos los huracanes y fen\u00f3menos atmosf\u00e9ricos conocidos en la historia de la isla, desde 1492 hasta hoy dia 2025.<\/p>\n<p>Y eso se puede nedir a partir de  la cantidad ventida de invariable sobre las ciudades, de manera m\u00e1s evidente en el Gran Santo Domingo.<\/p>\n<p>Lo que pretendemos no es puntualizar lo ya vivido esta semana y que la poblaci\u00f3n vivi\u00f3 y monitore\u00f3 por las redes sociales.<\/p>\n<p>Estamos invitando a sacar lecciones de Melissa.<\/p>\n<p>Melissa es una se\u00f1al de alerta general , que invita a la Naci\u00f3n a prepararse para eventos atmosf\u00e9ricos de gran magnitud para lo porvenir.<\/p>\n<p>Melissa invita a planificar el futuro:<\/p>\n<p>1. Las aguas de Santo Domingo, su salida hacia el mar debe tener dolientes, el dinero de la corrupci\u00f3n (que son muchos millones) debe servir para controlarse e invertir en el desag\u00fce de las ciudades m\u00e1s afectadas cuando llegan las inundaciones.<\/p>\n<p>2. El suelo se llena tan r\u00e1pido, sus poros se llenan por la ausencia de zonas boscosas y arbustos; la ausencia de un plan Nacional de arbolizaci\u00f3n que permita a la misma naturaleza administrar y repartir las aguas.<\/p>\n<p>3. Melissa invita al gobierno central, y los gobiernos locales, con participaci\u00f3n de las iglesias y las organizaciones sociales a hacer un levantamiento de toda la infraestructura p\u00fablica y privada, y que incluyan las escuelas p\u00fablicas y privadas; hospitales y cl\u00ednicas p\u00fablicas y privadas; revisi\u00f3n de los puentes, las carreteras, el metro de Santo Domingo, etc.<\/p>\n<p>Melissapuso puso en evidencia la fragilidad en la seguridad p\u00fablica, demostr\u00f3 la necesidad de un plan urgente de rescate, corregir fallas y demostrar a la naci\u00f3n entera que el nuestro es un pa\u00eds que amerita de dolientes.<\/p>\n","protected":false},"excerpt":{"rendered":"<p>Por: Santo Salvador Cuevas | En la historia escrita sobre la isla de Santo Domingo relacionada con los femenos atmosf\u00e9ricos, desde 1492 hasta hoy, 2025, los habitantes conocimos en el tiempo de fen\u00f3menos clim\u00e1ticos tan letales a su paso, que hoy en dia es obligatorio citarle. Qui\u00e9n no escucho de los da\u00f1os que, de manera [&hellip;]<\/p>\n","protected":false},"author":1,"featured_media":75570,"comment_status":"open","ping_status":"open","sticky":false,"template":"","format":"standard","meta":{"tdm_status":"","tdm_grid_status":"","footnotes":""},"categories":[53],"tags":[],"_links":{"self":[{"href":"https:\/\/pldaldia.com\/portada\/wp-json\/wp\/v2\/posts\/83489"}],"collection":[{"href":"https:\/\/pldaldia.com\/portada\/wp-json\/wp\/v2\/posts"}],"about":[{"href":"https:\/\/pldaldia.com\/portada\/wp-json\/wp\/v2\/types\/post"}],"author":[{"embeddable":true,"href":"https:\/\/pldaldia.com\/portada\/wp-json\/wp\/v2\/users\/1"}],"replies":[{"embeddable":true,"href":"https:\/\/pldaldia.com\/portada\/wp-json\/wp\/v2\/comments?post=83489"}],"version-history":[{"count":1,"href":"https:\/\/pldaldia.com\/portada\/wp-json\/wp\/v2\/posts\/83489\/revisions"}],"predecessor-version":[{"id":83490,"href":"https:\/\/pldaldia.com\/portada\/wp-json\/wp\/v2\/posts\/83489\/revisions\/83490"}],"wp:featuredmedia":[{"embeddable":true,"href":"https:\/\/pldaldia.com\/portada\/wp-json\/wp\/v2\/media\/75570"}],"wp:attachment":[{"href":"https:\/\/pldaldia.com\/portada\/wp-json\/wp\/v2\/media?parent=83489"}],"wp:term":[{"taxonomy":"category","embeddable":true,"href":"https:\/\/pldaldia.com\/portada\/wp-json\/wp\/v2\/categories?post=83489"},{"taxonomy":"post_tag","embeddable":true,"href":"https:\/\/pldaldia.com\/portada\/wp-json\/wp\/v2\/tags?post=83489"}],"curies":[{"name":"wp","href":"https:\/\/api.w.org\/{rel}","templated":true}]}}