{"id":83491,"date":"2025-10-28T09:31:27","date_gmt":"2025-10-28T13:31:27","guid":{"rendered":"https:\/\/pldaldia.com\/portada\/?p=83491"},"modified":"2025-10-28T09:31:27","modified_gmt":"2025-10-28T13:31:27","slug":"temporada-ciclonica-y-el-cambio-climatico","status":"publish","type":"post","link":"https:\/\/pldaldia.com\/portada\/temporada-ciclonica-y-el-cambio-climatico\/","title":{"rendered":"Temporada cicl\u00f3nica y el cambio clim\u00e1tico"},"content":{"rendered":"<p>Por: Sergio Sarita Valdez | El periodo comprendido entre junio y noviembre de cada a\u00f1o corresponde a la \u00e9poca de los huracanes. El cicl\u00f3n de San Zen\u00f3n, acaecido el 3 de septiembre de 1930, devast\u00f3 la ciudad de Santo Domingo de Guzm\u00e1n, capital de la Rep\u00fablica Dominicana. Se calcula que fallecieron m\u00e1s de dos mil personas, que fueron incineradas o enterradas en fosas comunes. La hist\u00f3rica tragedia aconteci\u00f3 al inicio de la dictadura trujillista, que durar\u00eda tres d\u00e9cadas. El tirano aprovech\u00f3 la cat\u00e1strofe para cambiar el nombre de la reconstruida urbe por el de Ciudad Trujillo.<\/p>\n<p>Mi madre, que apenas contaba con un a\u00f1o y seis meses de vida en el momento del siniestro, ya de adulta sol\u00eda repetir que su progenitora \u2014oriunda del municipio de Imbert, mejor conocido como Bajabonico\u2014 se encontraba residiendo en la ciudad capital cuando ocurri\u00f3 el fen\u00f3meno atmosf\u00e9rico. Hab\u00eda dejado a sus cuatro hijos, incluida mi mam\u00e1, al cuidado de mi bisabuela materna. Err\u00f3neamente le hab\u00edan comentado a mi abuela que la provincia de Puerto Plata hab\u00eda sido destruida por el hurac\u00e1n. Esa falsa noticia le habr\u00eda generado una depresi\u00f3n fatal. Nuestras indagaciones alrededor del caso apuntan m\u00e1s a una fiebre ent\u00e9rica, como la tifoidea. Mam\u00e1 se lament\u00f3 toda su vida de no haber conocido a su ser querido ni siquiera en fotograf\u00eda. Me acostumbr\u00e9 a que, anualmente, en septiembre, mi adorada madre repitiera la misma historia de su tragedia familiar.<\/p>\n<p>Desaparecida la tiran\u00eda, durante los doce a\u00f1os de gobiernos balagueristas de 1966 a 1978, se dec\u00eda que el doctor Joaqu\u00edn Balaguer ten\u00eda la magia de alejar los huracanes. Coincidi\u00f3 que en el gobierno perrede\u00edsta de don Antonio Guzm\u00e1n, en 1979, llegaron los ciclones David y Federico, mientras que, en el gobierno de Leonel Fern\u00e1ndez, en 1998, aconteci\u00f3 el hurac\u00e1n George. El calentamiento global y el correspondiente cambio clim\u00e1tico modifican las expresiones atmosf\u00e9ricas que sol\u00edamos observar. Una muestra palpable de ello la vemos en el comportamiento de la tormenta Melissa.<\/p>\n<p>El Centro Nacional de Huracanes anunci\u00f3 el martes 21 de octubre de 2025 la formaci\u00f3n del decimotercer fen\u00f3meno tropical de la temporada. Durante varios d\u00edas, transit\u00f3 a una velocidad muy lenta, a la vez que se rode\u00f3 de una amplia e intensa nubosidad que ha generado grandes precipitaciones en la zona sur de nuestro pa\u00eds, en Hait\u00ed y Jamaica. Los da\u00f1os han sido considerables.<\/p>\n<p>Mucha gente no asocia estas anomal\u00edas climatol\u00f3gicas con el exceso de calor producido por la combusti\u00f3n de los recursos f\u00f3siles. Deber\u00e1n suceder grandes cat\u00e1strofes naturales antes de que el mundo responda como una orquesta, ya que ricos y pobres, gobernantes y gobernados, al fin y al cabo, resultaremos todos perjudicados. La temporada cicl\u00f3nica debe servirnos de alerta premonitoria de posibles tragedias futuras si no atendemos la fiebre planetaria. O le bajamos la temperatura a la Madre Tierra o pagaremos caro las consecuencias. Confiamos en que los indicadores cient\u00edficos se impondr\u00e1n a la irracionalidad mercantil para el bien de toda la humanidad.<\/p>\n","protected":false},"excerpt":{"rendered":"<p>Por: Sergio Sarita Valdez | El periodo comprendido entre junio y noviembre de cada a\u00f1o corresponde a la \u00e9poca de los huracanes. El cicl\u00f3n de San Zen\u00f3n, acaecido el 3 de septiembre de 1930, devast\u00f3 la ciudad de Santo Domingo de Guzm\u00e1n, capital de la Rep\u00fablica Dominicana. Se calcula que fallecieron m\u00e1s de dos mil [&hellip;]<\/p>\n","protected":false},"author":1,"featured_media":46957,"comment_status":"open","ping_status":"open","sticky":false,"template":"","format":"standard","meta":{"tdm_status":"","tdm_grid_status":"","footnotes":""},"categories":[53],"tags":[],"_links":{"self":[{"href":"https:\/\/pldaldia.com\/portada\/wp-json\/wp\/v2\/posts\/83491"}],"collection":[{"href":"https:\/\/pldaldia.com\/portada\/wp-json\/wp\/v2\/posts"}],"about":[{"href":"https:\/\/pldaldia.com\/portada\/wp-json\/wp\/v2\/types\/post"}],"author":[{"embeddable":true,"href":"https:\/\/pldaldia.com\/portada\/wp-json\/wp\/v2\/users\/1"}],"replies":[{"embeddable":true,"href":"https:\/\/pldaldia.com\/portada\/wp-json\/wp\/v2\/comments?post=83491"}],"version-history":[{"count":1,"href":"https:\/\/pldaldia.com\/portada\/wp-json\/wp\/v2\/posts\/83491\/revisions"}],"predecessor-version":[{"id":83492,"href":"https:\/\/pldaldia.com\/portada\/wp-json\/wp\/v2\/posts\/83491\/revisions\/83492"}],"wp:featuredmedia":[{"embeddable":true,"href":"https:\/\/pldaldia.com\/portada\/wp-json\/wp\/v2\/media\/46957"}],"wp:attachment":[{"href":"https:\/\/pldaldia.com\/portada\/wp-json\/wp\/v2\/media?parent=83491"}],"wp:term":[{"taxonomy":"category","embeddable":true,"href":"https:\/\/pldaldia.com\/portada\/wp-json\/wp\/v2\/categories?post=83491"},{"taxonomy":"post_tag","embeddable":true,"href":"https:\/\/pldaldia.com\/portada\/wp-json\/wp\/v2\/tags?post=83491"}],"curies":[{"name":"wp","href":"https:\/\/api.w.org\/{rel}","templated":true}]}}