{"id":83495,"date":"2025-10-28T09:33:52","date_gmt":"2025-10-28T13:33:52","guid":{"rendered":"https:\/\/pldaldia.com\/portada\/?p=83495"},"modified":"2025-10-28T09:33:52","modified_gmt":"2025-10-28T13:33:52","slug":"las-lecciones-de-melissa","status":"publish","type":"post","link":"https:\/\/pldaldia.com\/portada\/las-lecciones-de-melissa\/","title":{"rendered":"Las lecciones de Melissa"},"content":{"rendered":"<p>Por: Margarita Cede\u00f1o | Aunque a\u00fan permanece latente en el mar Caribe el riesgo que presente el hurac\u00e1n Melissa, en su paso cerca de la Rep\u00fablica Dominicana ha dejado tras de s\u00ed un sentimiento de vulnerabilidad colectiva al que debemos prestarle atenci\u00f3n. No fue un fen\u00f3meno de magnitud extraordinaria, pero s\u00ed un recordatorio contundente de las brechas estructurales que a\u00fan existen en la Rep\u00fablica Dominicana en lo relativo a drenajes insuficientes, viviendas ubicadas en zonas de alto riesgo, falta de planificaci\u00f3n urbana y sistemas de alerta temprana que no siempre logran llegar a tiempo a las comunidades m\u00e1s expuestas o responder con eficiencia a la realidad de fen\u00f3menos cada vez menos predecibles.  <\/p>\n<p> Cada vez que una tormenta nos golpea, la conversaci\u00f3n gira mucho en torno a las obras f\u00edsicas pero muy poco en torno al perfeccionamiento de nuestra capacidad de prevenci\u00f3n, que no se trata solo de un asunto t\u00e9cnico o meteorol\u00f3gico, sino una pol\u00edtica p\u00fablica transversal que debe incorporar desde la educaci\u00f3n ambiental hasta la gesti\u00f3n territorial, pasando por el fortalecimiento institucional y la inversi\u00f3n en infraestructura resiliente.<\/p>\n<p>   El cambio clim\u00e1tico no es un fen\u00f3meno abstracto. Est\u00e1 acelerando patrones de lluvia m\u00e1s intensos, prolongando las sequ\u00edas y haciendo m\u00e1s frecuentes los eventos extremos. Pa\u00edses como el nuestro, con sus costas fr\u00e1giles, r\u00edos intervenidos y una alta densidad poblacional en \u00e1reas vulnerables, estamos m\u00e1s expuestos a la crudeza del cambio clim\u00e1tico.<\/p>\n<p>En este contexto, la protecci\u00f3n del medio ambiente y la adaptaci\u00f3n al cambio clim\u00e1tico no pueden seguir trat\u00e1ndose como temas separados. La deforestaci\u00f3n, la contaminaci\u00f3n de los r\u00edos y la ocupaci\u00f3n irregular de cuencas son factores que agravan el impacto de cualquier tormenta.<\/p>\n<p>Pensando en eso creamos el \u00cdndice de Vulnerabilidad ante el Cambio Clim\u00e1tico (IVACC) del SIUBEN (hoy al parecer le llamar\u00e1n ANACAONA) como una de las herramientas m\u00e1s valiosas para identificar las comunidades con mayor exposici\u00f3n a riesgos naturales y clim\u00e1ticos. Este \u00edndice combina variables como el nivel de pobreza, las condiciones de las viviendas, el acceso a servicios b\u00e1sicos y la ubicaci\u00f3n geogr\u00e1fica para ofrecer un mapa de riesgo social y ambiental.<\/p>\n<p>Sin embargo, su verdadero potencial est\u00e1 en que sirva de base para la acci\u00f3n p\u00fablica. Los datos del IVACC deber\u00edan orientar la inversi\u00f3n en infraestructura, los programas de reasentamiento, la educaci\u00f3n ambiental y los planes municipales de ordenamiento territorial. Si no se traducen en decisiones, seguir\u00e1n siendo cifras en un informe.<\/p>\n<p>Para eso, frente a la reiterada vulnerabilidad del pa\u00eds, debe instalarse una Mesa Nacional de Evaluaci\u00f3n y Prevenci\u00f3n de Desastres Naturales, con el objetivo de evaluar los protocolos actuales, mejorar los sistemas de alerta temprana, coordinar planes de evacuaci\u00f3n comunitarios y establecer est\u00e1ndares de infraestructura resiliente. En un pa\u00eds donde los eventos clim\u00e1ticos se repiten con creciente intensidad, no se trata de si volver\u00e1 a ocurrir, sino de c\u00f3mo estaremos preparados cuando ocurra.<\/p>\n<p>Por eso, Melissa debe movernos a reflexionar m\u00e1s all\u00e1 del impacto inmediato. Es un desaf\u00edo a transitar de una cultura de respuesta a una cultura de prevenci\u00f3n, planificaci\u00f3n y sostenibilidad, porque el cambio clim\u00e1tico es irreversible, pero la vulnerabilidad no tiene por qu\u00e9 serlo. La Rep\u00fablica Dominicana cuenta con el conocimiento, los datos y el talento t\u00e9cnico para construir un sistema m\u00e1s eficiente y solidario frente a los desastres naturales. Lo que hace falta es decisi\u00f3n pol\u00edtica y coordinaci\u00f3n institucional.<\/p>\n","protected":false},"excerpt":{"rendered":"<p>Por: Margarita Cede\u00f1o | Aunque a\u00fan permanece latente en el mar Caribe el riesgo que presente el hurac\u00e1n Melissa, en su paso cerca de la Rep\u00fablica Dominicana ha dejado tras de s\u00ed un sentimiento de vulnerabilidad colectiva al que debemos prestarle atenci\u00f3n. No fue un fen\u00f3meno de magnitud extraordinaria, pero s\u00ed un recordatorio contundente de [&hellip;]<\/p>\n","protected":false},"author":1,"featured_media":81197,"comment_status":"open","ping_status":"open","sticky":false,"template":"","format":"standard","meta":{"tdm_status":"","tdm_grid_status":"","footnotes":""},"categories":[53],"tags":[],"_links":{"self":[{"href":"https:\/\/pldaldia.com\/portada\/wp-json\/wp\/v2\/posts\/83495"}],"collection":[{"href":"https:\/\/pldaldia.com\/portada\/wp-json\/wp\/v2\/posts"}],"about":[{"href":"https:\/\/pldaldia.com\/portada\/wp-json\/wp\/v2\/types\/post"}],"author":[{"embeddable":true,"href":"https:\/\/pldaldia.com\/portada\/wp-json\/wp\/v2\/users\/1"}],"replies":[{"embeddable":true,"href":"https:\/\/pldaldia.com\/portada\/wp-json\/wp\/v2\/comments?post=83495"}],"version-history":[{"count":1,"href":"https:\/\/pldaldia.com\/portada\/wp-json\/wp\/v2\/posts\/83495\/revisions"}],"predecessor-version":[{"id":83496,"href":"https:\/\/pldaldia.com\/portada\/wp-json\/wp\/v2\/posts\/83495\/revisions\/83496"}],"wp:featuredmedia":[{"embeddable":true,"href":"https:\/\/pldaldia.com\/portada\/wp-json\/wp\/v2\/media\/81197"}],"wp:attachment":[{"href":"https:\/\/pldaldia.com\/portada\/wp-json\/wp\/v2\/media?parent=83495"}],"wp:term":[{"taxonomy":"category","embeddable":true,"href":"https:\/\/pldaldia.com\/portada\/wp-json\/wp\/v2\/categories?post=83495"},{"taxonomy":"post_tag","embeddable":true,"href":"https:\/\/pldaldia.com\/portada\/wp-json\/wp\/v2\/tags?post=83495"}],"curies":[{"name":"wp","href":"https:\/\/api.w.org\/{rel}","templated":true}]}}