{"id":83502,"date":"2025-10-28T12:21:23","date_gmt":"2025-10-28T16:21:23","guid":{"rendered":"https:\/\/pldaldia.com\/portada\/?p=83502"},"modified":"2025-10-28T12:21:23","modified_gmt":"2025-10-28T16:21:23","slug":"perfeccionar-la-capacidad-de-prevencion","status":"publish","type":"post","link":"https:\/\/pldaldia.com\/portada\/perfeccionar-la-capacidad-de-prevencion\/","title":{"rendered":"Perfeccionar la capacidad de prevenci\u00f3n"},"content":{"rendered":"<p>Margarita Cede\u00f1o: \u201cMelissa ha dejado en el pa\u00eds un sentimiento de vulnerabilidad colectiva al que se le debe prestar atenci\u00f3n\u201d<\/p>\n<p>Para la ex vicepresidenta de la Rep\u00fablica, Margarita Cede\u00f1o, Melissa, que se desplaz\u00f3 pr\u00f3ximo a nuestro territorio como tormenta ha dejado en el pa\u00eds un sentimiento de vulnerabilidad colectiva al que se le debe prestar atenci\u00f3n.<\/p>\n<p>\u201cDebe movernos a reflexionar m\u00e1s all\u00e1 del impacto inmediato. Es un desaf\u00edo a transitar de una cultura de respuesta a una cultura de prevenci\u00f3n, planificaci\u00f3n y sostenibilidad, porque el cambio clim\u00e1tico es irreversible, pero la vulnerabilidad no tiene por qu\u00e9 serlo\u201d, dice Cede\u00f1o en su art\u00edculo de los d\u00edas martes, publicado en el List\u00edn Diario y en Vanguardia del Pueblo, \u00f3rganos del Partido de la Liberaci\u00f3n Dominicana.<\/p>\n<p>Explica en el contenido del escrito, que Rep\u00fablica Dominicana cuenta con el conocimiento, los datos y el talento t\u00e9cnico para construir un sistema m\u00e1s eficiente y solidario frente a los desastres naturales, apuntando que:\u201d Lo que hace falta es decisi\u00f3n pol\u00edtica y coordinaci\u00f3n institucional\u201d.<\/p>\n<p>Opina que, frente a la reiterada vulnerabilidad del pa\u00eds, debe instalarse una Mesa Nacional de Evaluaci\u00f3n y Prevenci\u00f3n de Desastres Naturales, con el objetivo de evaluar los protocolos actuales, mejorar los sistemas de alerta temprana, coordinar planes de evacuaci\u00f3n comunitarios y establecer est\u00e1ndares de infraestructura resiliente.<\/p>\n<p>\u201cEn un pa\u00eds donde los eventos clim\u00e1ticos se repiten con creciente intensidad, no se trata de si volver\u00e1 a ocurrir, sino de c\u00f3mo estaremos preparados cuando ocurra\u201d, opina, la tambi\u00e9n integrante del Comit\u00e9 Pol\u00edtico del Partido de la Liberaci\u00f3n Dominicana.<\/p>\n<p>Observa tambi\u00e9n que cada vez que recibimos el impacto de un fen\u00f3meno atmosf\u00e9rico, la conversaci\u00f3n gira mucho en torno a las obras f\u00edsicas pero muy poco en torno al perfeccionamiento de nuestra capacidad de prevenci\u00f3n, que no se trata solo de un asunto t\u00e9cnico o meteorol\u00f3gico, sino una pol\u00edtica p\u00fablica transversal que debe incorporar desde la educaci\u00f3n ambiental hasta la gesti\u00f3n territorial, pasando por el fortalecimiento institucional y la inversi\u00f3n en infraestructura resiliente.<\/p>\n<p>Sobre la tormenta Melissa, transformado en hurac\u00e1n, Margarita Cede\u00f1o nos dice que \u201c No fue un fen\u00f3meno de magnitud extraordinaria, pero s\u00ed un recordatorio contundente de las brechas estructurales que a\u00fan existen en la Rep\u00fablica Dominicana en lo relativo a drenajes insuficientes, viviendas ubicadas en zonas de alto riesgo, falta de planificaci\u00f3n urbana y sistemas de alerta temprana que no siempre logran llegar a tiempo a las comunidades m\u00e1s expuestas o responder con eficiencia a la realidad de fen\u00f3menos cada vez menos predecibles\u201d.<\/p>\n","protected":false},"excerpt":{"rendered":"<p>Margarita Cede\u00f1o: \u201cMelissa ha dejado en el pa\u00eds un sentimiento de vulnerabilidad colectiva al que se le debe prestar atenci\u00f3n\u201d Para la ex vicepresidenta de la Rep\u00fablica, Margarita Cede\u00f1o, Melissa, que se desplaz\u00f3 pr\u00f3ximo a nuestro territorio como tormenta ha dejado en el pa\u00eds un sentimiento de vulnerabilidad colectiva al que se le debe prestar [&hellip;]<\/p>\n","protected":false},"author":1,"featured_media":83503,"comment_status":"open","ping_status":"open","sticky":false,"template":"","format":"standard","meta":{"tdm_status":"","tdm_grid_status":"","footnotes":""},"categories":[9],"tags":[],"_links":{"self":[{"href":"https:\/\/pldaldia.com\/portada\/wp-json\/wp\/v2\/posts\/83502"}],"collection":[{"href":"https:\/\/pldaldia.com\/portada\/wp-json\/wp\/v2\/posts"}],"about":[{"href":"https:\/\/pldaldia.com\/portada\/wp-json\/wp\/v2\/types\/post"}],"author":[{"embeddable":true,"href":"https:\/\/pldaldia.com\/portada\/wp-json\/wp\/v2\/users\/1"}],"replies":[{"embeddable":true,"href":"https:\/\/pldaldia.com\/portada\/wp-json\/wp\/v2\/comments?post=83502"}],"version-history":[{"count":1,"href":"https:\/\/pldaldia.com\/portada\/wp-json\/wp\/v2\/posts\/83502\/revisions"}],"predecessor-version":[{"id":83504,"href":"https:\/\/pldaldia.com\/portada\/wp-json\/wp\/v2\/posts\/83502\/revisions\/83504"}],"wp:featuredmedia":[{"embeddable":true,"href":"https:\/\/pldaldia.com\/portada\/wp-json\/wp\/v2\/media\/83503"}],"wp:attachment":[{"href":"https:\/\/pldaldia.com\/portada\/wp-json\/wp\/v2\/media?parent=83502"}],"wp:term":[{"taxonomy":"category","embeddable":true,"href":"https:\/\/pldaldia.com\/portada\/wp-json\/wp\/v2\/categories?post=83502"},{"taxonomy":"post_tag","embeddable":true,"href":"https:\/\/pldaldia.com\/portada\/wp-json\/wp\/v2\/tags?post=83502"}],"curies":[{"name":"wp","href":"https:\/\/api.w.org\/{rel}","templated":true}]}}