{"id":83713,"date":"2025-11-04T16:39:47","date_gmt":"2025-11-04T20:39:47","guid":{"rendered":"https:\/\/pldaldia.com\/portada\/?p=83713"},"modified":"2025-11-04T16:39:47","modified_gmt":"2025-11-04T20:39:47","slug":"es-honor-para-el-pld-haber-tenido-en-sus-filas-a-ciudadano-ejemplar-como-marcelo-bermudez","status":"publish","type":"post","link":"https:\/\/pldaldia.com\/portada\/es-honor-para-el-pld-haber-tenido-en-sus-filas-a-ciudadano-ejemplar-como-marcelo-bermudez\/","title":{"rendered":"Es honor para el PLD haber tenido en sus filas a ciudadano  ejemplar como Marcelo Berm\u00fadez"},"content":{"rendered":"<p>El ex presidente Danilo Medina pondera los aportes del fenecido Marcelo Berm\u00fadez a la democracia.<\/p>\n<p>El ex presidente de la Rep\u00fablica, Danilo Medina, presidente del Partido de la Liberaci\u00f3n Dominicana (PLD) destac\u00f3 los aportes a la lucha social y pol\u00edtica de Marcelo Berm\u00fadez Estrella, quien falleciera el pasado lunes por complicaciones de salud.<\/p>\n<p>Medina en la funeraria a donde acudi\u00f3 a su velatorio, resalt\u00f3 que Marcelo Berm\u00fadez termin\u00f3 su vida militando en el Partido de la Liberaci\u00f3n Dominicana, miembro de su Comit\u00e9 Central, lo cual significa un honor para esa organizaci\u00f3n pol\u00edtica.<\/p>\n<p>El expresidente de la Rep\u00fablica destac\u00f3 tambi\u00e9n la relaci\u00f3n del empresario dominicano y luchador anti trujillista con el profesor Juan Bosch, qui\u00e9n pernoctaba en su casa cuando visitaba Santiago.<\/p>\n<p><a href=\"http:\/\/vanguardiadelpueblo.do\/wp-content\/uploads\/2025\/11\/74b8395c-3a86-4148-a52e-a436a3614b96-scaled.jpeg\"><img decoding=\"async\" loading=\"lazy\" class=\"size-full wp-image-230576 alignright\" src=\"http:\/\/vanguardiadelpueblo.do\/wp-content\/uploads\/2025\/11\/74b8395c-3a86-4148-a52e-a436a3614b96-scaled.jpeg\" alt=\"\" width=\"2560\" height=\"1807\" \/><\/a>\u201cEn visita con Juan Bosch a su casa, aqu\u00ed en Santiago conoc\u00ed a toda su familia. Para nosotros, para Santiago y para el pa\u00eds es una gran p\u00e9rdida\u201d, expres\u00f3 Medina, teniendo a su lado a Jos\u00e9 Ram\u00f3n (Monchy) Fadul, quien tambi\u00e9n cultiv\u00f3 una gran amistad con el empresario fallecido.<\/p>\n<p>De su lado Francisco Javier Garc\u00eda, miembro del Comit\u00e9 Pol\u00edtico del Partido de la Liberaci\u00f3n Dominicana, tambi\u00e9n ponder\u00f3 la trayectoria de empresario, combatiente del Movimiento 14 de Junio y escultor.<\/p>\n<p>Francisco Javier Garc\u00eda dijo que Marcelo Berm\u00fadez tuvo una trayectoria en defensa de la soberan\u00eda dominicana, la democracia y la justicia.<\/p>\n<p><a href=\"http:\/\/vanguardiadelpueblo.do\/wp-content\/uploads\/2025\/11\/2b46581c-54a1-42d2-85e5-ed3352999662.jpeg\"><img decoding=\"async\" loading=\"lazy\" class=\"size-full wp-image-230574 alignleft\" src=\"http:\/\/vanguardiadelpueblo.do\/wp-content\/uploads\/2025\/11\/2b46581c-54a1-42d2-85e5-ed3352999662.jpeg\" alt=\"\" width=\"1600\" height=\"905\" \/><\/a>Al igual que Medina destac\u00f3 su papel como dirigente pelede\u00edsta, miembro del Comit\u00e9 Central, as\u00ed como la recepci\u00f3n que siempre ofreci\u00f3 al profesor Juan Bosch y toda la dirigencia del PLD en su residencia,<\/p>\n<p>\u201cEs una p\u00e9rdida que hemos tenido como pa\u00eds y como naci\u00f3n\u201d, indic\u00f3 Garc\u00eda.<\/p>\n","protected":false},"excerpt":{"rendered":"<p>El ex presidente Danilo Medina pondera los aportes del fenecido Marcelo Berm\u00fadez a la democracia. El ex presidente de la Rep\u00fablica, Danilo Medina, presidente del Partido de la Liberaci\u00f3n Dominicana (PLD) destac\u00f3 los aportes a la lucha social y pol\u00edtica de Marcelo Berm\u00fadez Estrella, quien falleciera el pasado lunes por complicaciones de salud. Medina en [&hellip;]<\/p>\n","protected":false},"author":1,"featured_media":83714,"comment_status":"open","ping_status":"open","sticky":false,"template":"","format":"standard","meta":{"tdm_status":"","tdm_grid_status":"","footnotes":""},"categories":[9],"tags":[],"_links":{"self":[{"href":"https:\/\/pldaldia.com\/portada\/wp-json\/wp\/v2\/posts\/83713"}],"collection":[{"href":"https:\/\/pldaldia.com\/portada\/wp-json\/wp\/v2\/posts"}],"about":[{"href":"https:\/\/pldaldia.com\/portada\/wp-json\/wp\/v2\/types\/post"}],"author":[{"embeddable":true,"href":"https:\/\/pldaldia.com\/portada\/wp-json\/wp\/v2\/users\/1"}],"replies":[{"embeddable":true,"href":"https:\/\/pldaldia.com\/portada\/wp-json\/wp\/v2\/comments?post=83713"}],"version-history":[{"count":1,"href":"https:\/\/pldaldia.com\/portada\/wp-json\/wp\/v2\/posts\/83713\/revisions"}],"predecessor-version":[{"id":83715,"href":"https:\/\/pldaldia.com\/portada\/wp-json\/wp\/v2\/posts\/83713\/revisions\/83715"}],"wp:featuredmedia":[{"embeddable":true,"href":"https:\/\/pldaldia.com\/portada\/wp-json\/wp\/v2\/media\/83714"}],"wp:attachment":[{"href":"https:\/\/pldaldia.com\/portada\/wp-json\/wp\/v2\/media?parent=83713"}],"wp:term":[{"taxonomy":"category","embeddable":true,"href":"https:\/\/pldaldia.com\/portada\/wp-json\/wp\/v2\/categories?post=83713"},{"taxonomy":"post_tag","embeddable":true,"href":"https:\/\/pldaldia.com\/portada\/wp-json\/wp\/v2\/tags?post=83713"}],"curies":[{"name":"wp","href":"https:\/\/api.w.org\/{rel}","templated":true}]}}