{"id":83725,"date":"2025-11-05T02:49:18","date_gmt":"2025-11-05T06:49:18","guid":{"rendered":"https:\/\/pldaldia.com\/portada\/?p=83725"},"modified":"2025-11-05T02:49:35","modified_gmt":"2025-11-05T06:49:35","slug":"macelo-bermudez-trasciende-su-existencia","status":"publish","type":"post","link":"https:\/\/pldaldia.com\/portada\/macelo-bermudez-trasciende-su-existencia\/","title":{"rendered":"Macelo Berm\u00fadez trasciende su existencia."},"content":{"rendered":"<p>Por: Jos\u00e9 Manuel Castillo Betances | Marcelo Berm\u00fadez con su partida nos deja un legado de lucha, de patriotismo, abnegaci\u00f3n y entrega por su pueblo. Fue un tenaz luchador por la democracia, su altiva voz y coraje, su vida acrisolada deslumbraba como el sol, escultor, diplom\u00e1tico y empresario, su ejemplo seguir\u00e1 latente en su integra familia, su distinguida esposa compa\u00f1era de siempre, Se\u00f1ora Margarita Garc\u00eda, sus hijos M\u00edcalo, Camilo, Soto y Marcelo, sus amigos, algunos entra\u00f1ables como el Prof. Juan Bosch, el destacado jurista Negro Veras, Monchy Fadul, Camejo, Minier, Bienvenido, Valentin y Estevan Rosario y, su gente por la que fue capaz de ofrendar su vida juntos a otros grandes patriotas. Fue un hombre cuya vida ha estado marcada por la entrega absoluta hacia su pueblo, por su incansable lucha en favor de la democracia y la justicia social.      <\/p>\n<p>Dirigente hist\u00f3rico del 14 de junio y del Partido de la Liberaci\u00f3n Dominicana, su legado trasciende m\u00e1s all\u00e1 de su existencia f\u00edsica, pues cada acci\u00f3n, cada palabra y cada esfuerzo que brind\u00f3 fueron una prueba de su profundo amor por su patria. <\/p>\n<p>       No fue simplemente un hombre de ideas; fue un hombre de acci\u00f3n, dispuesto a sacrificarse en la lucha por los valores que consideraba inquebrantables. Su vida fue un ejemplo de abnegaci\u00f3n, un faro de esperanza en momentos oscuros, y su recuerdo continuar\u00e1 vivo en cada rinc\u00f3n de la naci\u00f3n que tanto am\u00f3.<\/p>\n<p>          En su incansable batalla por la democracia, la voz de Marcelo alcanz\u00f3 las monta\u00f1as, siempre fue altiva, firme y decidida. No tem\u00eda enfrentarse a lo que consideraba injusto, incluso cuando su lucha le costaba la tranquilidad personal. <\/p>\n<p>      Su coraje era tan vasto como su visi\u00f3n de un futuro mejor para su pueblo. Cada decisi\u00f3n, cada paso que daba, estaba motivado por la b\u00fasqueda de un mundo m\u00e1s equitativo, m\u00e1s libre. <\/p>\n<p>       Como escultor de ideas y de proyectos, Marcelo no solo dej\u00f3 huellas en el \u00e1mbito pol\u00edtico, social y cultural, sino tambi\u00e9n en aquellos que tuvieron el privilegio de conocerlo y trabajar a su lado.<\/p>\n<p>      Adem\u00e1s de su incansable trabajo en la lucha por la democracia, Marcelo Berm\u00fadez fue un hombre de m\u00faltiples facetas. Fue diplom\u00e1tico, empresario y artista, pero, por encima de todo, fue un patriota, un ser humano excepcional. <\/p>\n<p>       Su dedicaci\u00f3n no se limit\u00f3 solo a los \u00e1mbitos en los que se desempe\u00f1\u00f3; se extendi\u00f3 a la defensa incansable de los derechos de su gente. Cada uno de estos roles que desempe\u00f1\u00f3 contribuy\u00f3 a fortalecer el tejido de su comunidad, a aportar soluciones pr\u00e1cticas a los problemas del d\u00eda a d\u00eda y a marcar la diferencia en la vida de muchas personas. Su ejemplo de vida, de lucha y de entrega seguir\u00e1 siendo un faro para futuras generaciones que deseen seguir sus pasos.<\/p>\n<p>       Cuando pienso en Marcelo, lo hago con la certeza de que los grandes no se recuerdan solo por su ausencia f\u00edsica, sino por la huella profunda que dejan en el coraz\u00f3n de quienes lo conocieron. No es su cuerpo lo que nos falta, sino la inspiraci\u00f3n que nos brindaba cada d\u00eda.           <\/p>\n<p>       En sus palabras y acciones, encontramos un llamado a la acci\u00f3n, a la lucha por un mundo m\u00e1s justo y humano.    Nunca olvidar\u00e9 el d\u00eda que Marcelo me visit\u00f3 en las Naciones Unidas, previo a su partida como embajador en Corea del Sur designado en 1999 por el presidente Leonel Fern\u00e1ndez. Aquella jornada fue hist\u00f3rica. Recorrimos juntos los momentos m\u00e1s significativos de la organizaci\u00f3n, repasando la labor de los seis principales secretarios generales de la ONU desde su fundaci\u00f3n: Trygve Lie, Dag Hammarskj\u00f6ld, U Thant, Kurt Waldheim, Javier P\u00e9rez de Cu\u00e9llar y el egipcio, Boutros Boutros-Ghali (1992-1996).<\/p>\n<p>       Con su inquebrantable curiosidad y su profunda sabidur\u00eda, Marcelo me mostr\u00f3 su visi\u00f3n cr\u00edtica de las instituciones internacionales y su deseo de que el sistema multilateral pudiera ser m\u00e1s eficaz en la promoci\u00f3n de la paz y la justicia social. Fue un encuentro enriquecedor, un reflejo de su compromiso con el mundo y su firme creencia de que, a pesar de las dificultades, siempre es posible avanzar hacia un futuro mejor.<\/p>\n<p>         El legado de Marcelo Berm\u00fadez no solo est\u00e1 en las grandes gestas que protagoniz\u00f3, sino tambi\u00e9n en las peque\u00f1as acciones cotidianas que dej\u00f3 en su familia, sus amigos y en su gente.  Su partida nos deja un vac\u00edo, pero tambi\u00e9n una profunda ense\u00f1anza. Marcelo Berm\u00fadez nos record\u00f3 que el verdadero legado de un hombre no est\u00e1 en lo que recibe, sino en lo que da. Nos ense\u00f1\u00f3 que las ideas no tienen l\u00edmites, que la lucha por la justicia no tiene descanso y que el amor por el pueblo es el mayor compromiso que un hombre puede asumir. <\/p>\n<p>     En cada paso que demos hacia el futuro, el esp\u00edritu de Marcelo Berm\u00fadez nos guiar\u00e1, siempre presente en las lecciones que nos dej\u00f3, en las huellas que dej\u00f3 marcadas en el coraz\u00f3n de aquellos que tuvieron el honor de conocerlo.<\/p>\n<p>      La partida de Marcelo nos recuerda, que los grandes no se van nunca. Su luz sigue aqu\u00ed, iluminando nuestros caminos, inspir\u00e1ndonos a seguir luchando por la democracia, la justicia y el bienestar de nuestra gente. Adi\u00f3s amigo, Santiago pierde tu imagen fisica, pero nunca tus ideas\u2026               <\/p>\n","protected":false},"excerpt":{"rendered":"<p>Por: Jos\u00e9 Manuel Castillo Betances | Marcelo Berm\u00fadez con su partida nos deja un legado de lucha, de patriotismo, abnegaci\u00f3n y entrega por su pueblo. Fue un tenaz luchador por la democracia, su altiva voz y coraje, su vida acrisolada deslumbraba como el sol, escultor, diplom\u00e1tico y empresario, su ejemplo seguir\u00e1 latente en su integra [&hellip;]<\/p>\n","protected":false},"author":1,"featured_media":50487,"comment_status":"open","ping_status":"open","sticky":false,"template":"","format":"standard","meta":{"tdm_status":"","tdm_grid_status":"","footnotes":""},"categories":[53],"tags":[],"_links":{"self":[{"href":"https:\/\/pldaldia.com\/portada\/wp-json\/wp\/v2\/posts\/83725"}],"collection":[{"href":"https:\/\/pldaldia.com\/portada\/wp-json\/wp\/v2\/posts"}],"about":[{"href":"https:\/\/pldaldia.com\/portada\/wp-json\/wp\/v2\/types\/post"}],"author":[{"embeddable":true,"href":"https:\/\/pldaldia.com\/portada\/wp-json\/wp\/v2\/users\/1"}],"replies":[{"embeddable":true,"href":"https:\/\/pldaldia.com\/portada\/wp-json\/wp\/v2\/comments?post=83725"}],"version-history":[{"count":2,"href":"https:\/\/pldaldia.com\/portada\/wp-json\/wp\/v2\/posts\/83725\/revisions"}],"predecessor-version":[{"id":83727,"href":"https:\/\/pldaldia.com\/portada\/wp-json\/wp\/v2\/posts\/83725\/revisions\/83727"}],"wp:featuredmedia":[{"embeddable":true,"href":"https:\/\/pldaldia.com\/portada\/wp-json\/wp\/v2\/media\/50487"}],"wp:attachment":[{"href":"https:\/\/pldaldia.com\/portada\/wp-json\/wp\/v2\/media?parent=83725"}],"wp:term":[{"taxonomy":"category","embeddable":true,"href":"https:\/\/pldaldia.com\/portada\/wp-json\/wp\/v2\/categories?post=83725"},{"taxonomy":"post_tag","embeddable":true,"href":"https:\/\/pldaldia.com\/portada\/wp-json\/wp\/v2\/tags?post=83725"}],"curies":[{"name":"wp","href":"https:\/\/api.w.org\/{rel}","templated":true}]}}