{"id":83731,"date":"2025-11-05T10:43:34","date_gmt":"2025-11-05T14:43:34","guid":{"rendered":"https:\/\/pldaldia.com\/portada\/?p=83731"},"modified":"2025-11-05T10:43:34","modified_gmt":"2025-11-05T14:43:34","slug":"pld-celebrara-acto-solemne-en-el-dia-nacional-del-deporte","status":"publish","type":"post","link":"https:\/\/pldaldia.com\/portada\/pld-celebrara-acto-solemne-en-el-dia-nacional-del-deporte\/","title":{"rendered":"PLD celebrar\u00e1 acto solemne en el D\u00eda Nacional del Deporte"},"content":{"rendered":"<p>El PLD rendir\u00e1 homenaje a Soterio Ram\u00edrez, gloria del deporte dominicano y miembro del Pabell\u00f3n de la Fama.<\/p>\n<p>En el marco de la conmemoraci\u00f3n del D\u00eda Nacional del Deporte, el Partido de la Liberaci\u00f3n Dominicana, a trav\u00e9s de su Secretar\u00eda de Deportes, celebrar\u00e1 un acto solemne en honor a la memoria de Soterio Ram\u00edrez, inmortal del deporte dominicano, quien falleciera ostentado las funciones de titular de la Secretar\u00eda de Deportes del PLD.<\/p>\n<p>La ceremonia tendr\u00e1 lugar el viernes 7 de noviembre de 2025, a las 10:30 de la ma\u00f1ana, en el Cementerio Jard\u00edn Memorial, ubicado en la Avenida Jacobo Majluta en el municipio Santo Domingo Norte.<\/p>\n<p>El secretario de Deportes del PLD, Reinaldo Nova, extendi\u00f3 una invitaci\u00f3n abierta a los deportistas, dirigentes, familiares y amigos del fenecido atleta, as\u00ed como a toda la comunidad deportiva nacional, para unirse en este reconocimiento p\u00f3stumo.<\/p>\n<p>\u201cEste homenaje es una expresi\u00f3n de respeto y gratitud hacia un hombre que dedic\u00f3 su vida al deporte y que dej\u00f3 una huella imborrable en la historia del atletismo dominicano\u201d, expres\u00f3 Nova.<\/p>\n<p>Record\u00f3 que Soterio Ram\u00edrez fue titular de la Secretar\u00eda de Deportes del PLD y viceministro del Ministerio de Deportes de la Rep\u00fablica Dominicana e integrante del Pabell\u00f3n de la Fama del Deporte Nacional, por sus m\u00e9ritos como destacado baloncestista<\/p>\n<p>Con este acto, el PLD reafirma su compromiso con la promoci\u00f3n de los valores deportivos, el reconocimiento a sus figuras m\u00e1s sobresalientes y el fortalecimiento de la identidad nacional a trav\u00e9s del deporte.<\/p>\n","protected":false},"excerpt":{"rendered":"<p>El PLD rendir\u00e1 homenaje a Soterio Ram\u00edrez, gloria del deporte dominicano y miembro del Pabell\u00f3n de la Fama. En el marco de la conmemoraci\u00f3n del D\u00eda Nacional del Deporte, el Partido de la Liberaci\u00f3n Dominicana, a trav\u00e9s de su Secretar\u00eda de Deportes, celebrar\u00e1 un acto solemne en honor a la memoria de Soterio Ram\u00edrez, inmortal [&hellip;]<\/p>\n","protected":false},"author":1,"featured_media":83732,"comment_status":"open","ping_status":"open","sticky":false,"template":"","format":"standard","meta":{"tdm_status":"","tdm_grid_status":"","footnotes":""},"categories":[9],"tags":[],"_links":{"self":[{"href":"https:\/\/pldaldia.com\/portada\/wp-json\/wp\/v2\/posts\/83731"}],"collection":[{"href":"https:\/\/pldaldia.com\/portada\/wp-json\/wp\/v2\/posts"}],"about":[{"href":"https:\/\/pldaldia.com\/portada\/wp-json\/wp\/v2\/types\/post"}],"author":[{"embeddable":true,"href":"https:\/\/pldaldia.com\/portada\/wp-json\/wp\/v2\/users\/1"}],"replies":[{"embeddable":true,"href":"https:\/\/pldaldia.com\/portada\/wp-json\/wp\/v2\/comments?post=83731"}],"version-history":[{"count":1,"href":"https:\/\/pldaldia.com\/portada\/wp-json\/wp\/v2\/posts\/83731\/revisions"}],"predecessor-version":[{"id":83733,"href":"https:\/\/pldaldia.com\/portada\/wp-json\/wp\/v2\/posts\/83731\/revisions\/83733"}],"wp:featuredmedia":[{"embeddable":true,"href":"https:\/\/pldaldia.com\/portada\/wp-json\/wp\/v2\/media\/83732"}],"wp:attachment":[{"href":"https:\/\/pldaldia.com\/portada\/wp-json\/wp\/v2\/media?parent=83731"}],"wp:term":[{"taxonomy":"category","embeddable":true,"href":"https:\/\/pldaldia.com\/portada\/wp-json\/wp\/v2\/categories?post=83731"},{"taxonomy":"post_tag","embeddable":true,"href":"https:\/\/pldaldia.com\/portada\/wp-json\/wp\/v2\/tags?post=83731"}],"curies":[{"name":"wp","href":"https:\/\/api.w.org\/{rel}","templated":true}]}}