{"id":83734,"date":"2025-11-05T11:26:17","date_gmt":"2025-11-05T15:26:17","guid":{"rendered":"https:\/\/pldaldia.com\/portada\/?p=83734"},"modified":"2025-11-05T11:26:17","modified_gmt":"2025-11-05T15:26:17","slug":"fortalecimiento-del-pld","status":"publish","type":"post","link":"https:\/\/pldaldia.com\/portada\/fortalecimiento-del-pld\/","title":{"rendered":"Fortalecimiento del PLD"},"content":{"rendered":"<p>Plataforma digital del PLD registra los avances de la organizaci\u00f3n pol\u00edtica en la implementaci\u00f3n de su L\u00ednea Organizativa y Electoral (LOE).<\/p>\n<p>La Comisi\u00f3n de Implementaci\u00f3n de la L\u00ednea Organizativa y Electoral (LOE) del Partido de la Liberaci\u00f3n Dominicana (PLD) pas\u00f3 balance a la validaci\u00f3n de membres\u00eda partidaria y su registro en la plataforma electr\u00f3nica, creada con esos fines.<\/p>\n<p>El equipo t\u00e9cnico explic\u00f3 con diferentes gr\u00e1ficos y estad\u00edsticas los avances, en la validaci\u00f3n de la militancia partidaria y los progresos en los registros en la plataforma digital.<\/p>\n<p><a href=\"http:\/\/vanguardiadelpueblo.do\/wp-content\/uploads\/2025\/11\/3baaffc4-3217-4893-8dbf-a6adcee18a2f.jpg\"><img decoding=\"async\" loading=\"lazy\" class=\"alignright size-medium wp-image-230607\" src=\"http:\/\/vanguardiadelpueblo.do\/wp-content\/uploads\/2025\/11\/3baaffc4-3217-4893-8dbf-a6adcee18a2f-480x278.jpg\" alt=\"\" width=\"480\" height=\"278\" \/><\/a>\u201cSe ha avanzado bastante en la validaci\u00f3n de nuestros militantes, proceso que ha ido acompa\u00f1ado del posicionamiento de miembros y dirigentes en los recintos y colegios electorales, como lo dispuso el X Congreso Ordinario Reinaldo Pared P\u00e9rez\u201d, se explic\u00f3 al concluir el encuentro.<\/p>\n<p>En las estad\u00edsticas se lleva el control de las validaciones de dirigentes y militantes, los pendientes de validaci\u00f3n en las diferentes demarcaciones, los registros por edades, entre otros par\u00e1metros, que permiten la planificaci\u00f3n y control de la organizaci\u00f3n partidaria.<\/p>\n<p>En la reuni\u00f3n efectuada en uno de los salones de la Casa Nacional Reinaldo Pared P\u00e9rez se resalt\u00f3 el fortalecimiento, expresado en los gr\u00e1ficos, que viene alcanzando el PLD como principal partido opositor y el reconocimiento de la poblaci\u00f3n en general de que en los gobiernos del PLD se viv\u00eda mejor.<\/p>\n<p>Se atribuye a esta afirmaci\u00f3n de la ciudadan\u00eda, la renovaci\u00f3n de la militancia partidaria y el entusiasmo, sobre todo en el sector juvenil, por ingresar a las filas del PLD, como se demostr\u00f3 en las estad\u00edsticas presentadas en la reuni\u00f3n.<\/p>\n<p>Integran la Comisi\u00f3n de Implementaci\u00f3n de la LOE, Rub\u00e9n Bichara, quien la coordina; Danilo D\u00edaz, secretario de Asuntos Electorales; Mayobanex Escoto, de Organizaci\u00f3n; Domingo Jim\u00e9nez, de la TICs; Alexis Lantigua, de Dominicanos en el Exterior; Miriam Cabral, integrante del Comit\u00e9 Pol\u00edtico; y Emerson Vegazo, del Comit\u00e9 Central.<\/p>\n","protected":false},"excerpt":{"rendered":"<p>Plataforma digital del PLD registra los avances de la organizaci\u00f3n pol\u00edtica en la implementaci\u00f3n de su L\u00ednea Organizativa y Electoral (LOE). La Comisi\u00f3n de Implementaci\u00f3n de la L\u00ednea Organizativa y Electoral (LOE) del Partido de la Liberaci\u00f3n Dominicana (PLD) pas\u00f3 balance a la validaci\u00f3n de membres\u00eda partidaria y su registro en la plataforma electr\u00f3nica, creada [&hellip;]<\/p>\n","protected":false},"author":1,"featured_media":83735,"comment_status":"open","ping_status":"open","sticky":false,"template":"","format":"standard","meta":{"tdm_status":"","tdm_grid_status":"","footnotes":""},"categories":[9],"tags":[],"_links":{"self":[{"href":"https:\/\/pldaldia.com\/portada\/wp-json\/wp\/v2\/posts\/83734"}],"collection":[{"href":"https:\/\/pldaldia.com\/portada\/wp-json\/wp\/v2\/posts"}],"about":[{"href":"https:\/\/pldaldia.com\/portada\/wp-json\/wp\/v2\/types\/post"}],"author":[{"embeddable":true,"href":"https:\/\/pldaldia.com\/portada\/wp-json\/wp\/v2\/users\/1"}],"replies":[{"embeddable":true,"href":"https:\/\/pldaldia.com\/portada\/wp-json\/wp\/v2\/comments?post=83734"}],"version-history":[{"count":1,"href":"https:\/\/pldaldia.com\/portada\/wp-json\/wp\/v2\/posts\/83734\/revisions"}],"predecessor-version":[{"id":83736,"href":"https:\/\/pldaldia.com\/portada\/wp-json\/wp\/v2\/posts\/83734\/revisions\/83736"}],"wp:featuredmedia":[{"embeddable":true,"href":"https:\/\/pldaldia.com\/portada\/wp-json\/wp\/v2\/media\/83735"}],"wp:attachment":[{"href":"https:\/\/pldaldia.com\/portada\/wp-json\/wp\/v2\/media?parent=83734"}],"wp:term":[{"taxonomy":"category","embeddable":true,"href":"https:\/\/pldaldia.com\/portada\/wp-json\/wp\/v2\/categories?post=83734"},{"taxonomy":"post_tag","embeddable":true,"href":"https:\/\/pldaldia.com\/portada\/wp-json\/wp\/v2\/tags?post=83734"}],"curies":[{"name":"wp","href":"https:\/\/api.w.org\/{rel}","templated":true}]}}