{"id":83740,"date":"2025-11-05T15:32:18","date_gmt":"2025-11-05T19:32:18","guid":{"rendered":"https:\/\/pldaldia.com\/portada\/?p=83740"},"modified":"2025-11-05T15:32:18","modified_gmt":"2025-11-05T19:32:18","slug":"seccional-del-pld-reafirma-apoyo-a-comunidad-dominicana-en-el-bronx","status":"publish","type":"post","link":"https:\/\/pldaldia.com\/portada\/seccional-del-pld-reafirma-apoyo-a-comunidad-dominicana-en-el-bronx\/","title":{"rendered":"Seccional del PLD reafirma apoyo a comunidad dominicana en el Bronx"},"content":{"rendered":"<p>\u201cCon esta jornada de hermandad reafirmamos el legado del profesor Juan Bosch y el compromiso del PLD con la comunidad dominicana en el exterior\u201d, expresaron dirigentes del PLD en el Bronx.<\/p>\n<p>La Seccional del Partido de la Liberaci\u00f3n Dominicana (PLD) Bronx realiz\u00f3 una convivencia con miembros, dirigentes, simpatizantes y amigos de la organizaci\u00f3n pol\u00edtica, en la que reafirmando los ideales del profesor Juan Bosch, l\u00edder hist\u00f3rico de la organizaci\u00f3n pol\u00edtica.<\/p>\n<p>En la actividad, que los norteamericanos llaman \u201cAPPLE PICKING\u201d, se record\u00f3 la figura emblem\u00e1tica de la pol\u00edtica dominicana el profesor Juan Bosch, a 24 a\u00f1os de su fallecimiento, compartiendo an\u00e9cdotas y vivencias del inmenso Don Juan, incluyendo la declamaci\u00f3n de una poes\u00eda a cargo de Miguelina N\u00fa\u00f1ez.<\/p>\n<p><a href=\"http:\/\/vanguardiadelpueblo.do\/wp-content\/uploads\/2025\/11\/WhatsApp-Image-2025-11-05-at-3.23.19-PM.jpeg\"><img decoding=\"async\" loading=\"lazy\" class=\"alignright size-medium wp-image-230618\" src=\"http:\/\/vanguardiadelpueblo.do\/wp-content\/uploads\/2025\/11\/WhatsApp-Image-2025-11-05-at-3.23.19-PM-450x320.jpeg\" alt=\"\" width=\"450\" height=\"320\" \/><\/a>Los dirigentes del PLD en el Bronx recordaron los ideales y ense\u00f1anzas del fundador del partido morado sobre la democracia y las libertades p\u00fablicas: \u201cBosch le ense\u00f1\u00f3 al pueblo dominicano a vivir en libertad, cuando asumi\u00f3 el gobierno en 1963, impulsando la libertad de expresi\u00f3n, la justicia social y la transparencia\u201d.<\/p>\n<p>Entre el encuentro pelede\u00edsta estuvieron presentes Emiliano P\u00e9rez Espinosa, Pedro Pablo Zorrilla, Rafael Encarnaci\u00f3n, Jos\u00e9 Montesino, Elvis Marte, todos miembros del Comit\u00e9 Central; adem\u00e1s, Miguelina N\u00fa\u00f1ez, Jes\u00fas Casanova, David S\u00e1nchez, Arismendy Gonz\u00e1lez, entre otros.<\/p>\n<p>Se\u00f1alaron que la organizaci\u00f3n de la convivencia estuvo a cargo de mujeres miembros y dirigentes del PLD en el Bronx, las que tambi\u00e9n han contribuido con el fortalecimiento de la estructura del partido en dicha comunidad; y quienes, conjuntamente con los dem\u00e1s dirigentes del PLD, siguen trabajando para ganar las elecciones del 2028 con el apoyo del pueblo dominicano.<\/p>\n","protected":false},"excerpt":{"rendered":"<p>\u201cCon esta jornada de hermandad reafirmamos el legado del profesor Juan Bosch y el compromiso del PLD con la comunidad dominicana en el exterior\u201d, expresaron dirigentes del PLD en el Bronx. La Seccional del Partido de la Liberaci\u00f3n Dominicana (PLD) Bronx realiz\u00f3 una convivencia con miembros, dirigentes, simpatizantes y amigos de la organizaci\u00f3n pol\u00edtica, en [&hellip;]<\/p>\n","protected":false},"author":1,"featured_media":83741,"comment_status":"open","ping_status":"open","sticky":false,"template":"","format":"standard","meta":{"tdm_status":"","tdm_grid_status":"","footnotes":""},"categories":[9],"tags":[],"_links":{"self":[{"href":"https:\/\/pldaldia.com\/portada\/wp-json\/wp\/v2\/posts\/83740"}],"collection":[{"href":"https:\/\/pldaldia.com\/portada\/wp-json\/wp\/v2\/posts"}],"about":[{"href":"https:\/\/pldaldia.com\/portada\/wp-json\/wp\/v2\/types\/post"}],"author":[{"embeddable":true,"href":"https:\/\/pldaldia.com\/portada\/wp-json\/wp\/v2\/users\/1"}],"replies":[{"embeddable":true,"href":"https:\/\/pldaldia.com\/portada\/wp-json\/wp\/v2\/comments?post=83740"}],"version-history":[{"count":1,"href":"https:\/\/pldaldia.com\/portada\/wp-json\/wp\/v2\/posts\/83740\/revisions"}],"predecessor-version":[{"id":83742,"href":"https:\/\/pldaldia.com\/portada\/wp-json\/wp\/v2\/posts\/83740\/revisions\/83742"}],"wp:featuredmedia":[{"embeddable":true,"href":"https:\/\/pldaldia.com\/portada\/wp-json\/wp\/v2\/media\/83741"}],"wp:attachment":[{"href":"https:\/\/pldaldia.com\/portada\/wp-json\/wp\/v2\/media?parent=83740"}],"wp:term":[{"taxonomy":"category","embeddable":true,"href":"https:\/\/pldaldia.com\/portada\/wp-json\/wp\/v2\/categories?post=83740"},{"taxonomy":"post_tag","embeddable":true,"href":"https:\/\/pldaldia.com\/portada\/wp-json\/wp\/v2\/tags?post=83740"}],"curies":[{"name":"wp","href":"https:\/\/api.w.org\/{rel}","templated":true}]}}