{"id":83753,"date":"2025-11-06T03:17:49","date_gmt":"2025-11-06T07:17:49","guid":{"rendered":"https:\/\/pldaldia.com\/portada\/?p=83753"},"modified":"2025-11-06T03:17:49","modified_gmt":"2025-11-06T07:17:49","slug":"dia-mundial-del-saxofon-2","status":"publish","type":"post","link":"https:\/\/pldaldia.com\/portada\/dia-mundial-del-saxofon-2\/","title":{"rendered":"D\u00eda Mundial del Saxof\u00f3n"},"content":{"rendered":"<p>El 6 de noviembre se celebra el D\u00eda Mundial del Saxof\u00f3n, una fecha emblem\u00e1tica para celebrar el natalicio del creador del saxof\u00f3n Adolphe Sax, un m\u00fasico y fabricante de instrumentos belga que, gracias al saxof\u00f3n, populariz\u00f3 uno de los movimientos musicales m\u00e1s difundidos en todo el mundo como lo es el jazz.<\/p>\n","protected":false},"excerpt":{"rendered":"<p>El 6 de noviembre se celebra el D\u00eda Mundial del Saxof\u00f3n, una fecha emblem\u00e1tica para celebrar el natalicio del creador del saxof\u00f3n Adolphe Sax, un m\u00fasico y fabricante de instrumentos belga que, gracias al saxof\u00f3n, populariz\u00f3 uno de los movimientos musicales m\u00e1s difundidos en todo el mundo como lo es el jazz.<\/p>\n","protected":false},"author":1,"featured_media":83754,"comment_status":"open","ping_status":"open","sticky":false,"template":"","format":"standard","meta":{"tdm_status":"","tdm_grid_status":"","footnotes":""},"categories":[57],"tags":[],"_links":{"self":[{"href":"https:\/\/pldaldia.com\/portada\/wp-json\/wp\/v2\/posts\/83753"}],"collection":[{"href":"https:\/\/pldaldia.com\/portada\/wp-json\/wp\/v2\/posts"}],"about":[{"href":"https:\/\/pldaldia.com\/portada\/wp-json\/wp\/v2\/types\/post"}],"author":[{"embeddable":true,"href":"https:\/\/pldaldia.com\/portada\/wp-json\/wp\/v2\/users\/1"}],"replies":[{"embeddable":true,"href":"https:\/\/pldaldia.com\/portada\/wp-json\/wp\/v2\/comments?post=83753"}],"version-history":[{"count":1,"href":"https:\/\/pldaldia.com\/portada\/wp-json\/wp\/v2\/posts\/83753\/revisions"}],"predecessor-version":[{"id":83755,"href":"https:\/\/pldaldia.com\/portada\/wp-json\/wp\/v2\/posts\/83753\/revisions\/83755"}],"wp:featuredmedia":[{"embeddable":true,"href":"https:\/\/pldaldia.com\/portada\/wp-json\/wp\/v2\/media\/83754"}],"wp:attachment":[{"href":"https:\/\/pldaldia.com\/portada\/wp-json\/wp\/v2\/media?parent=83753"}],"wp:term":[{"taxonomy":"category","embeddable":true,"href":"https:\/\/pldaldia.com\/portada\/wp-json\/wp\/v2\/categories?post=83753"},{"taxonomy":"post_tag","embeddable":true,"href":"https:\/\/pldaldia.com\/portada\/wp-json\/wp\/v2\/tags?post=83753"}],"curies":[{"name":"wp","href":"https:\/\/api.w.org\/{rel}","templated":true}]}}