{"id":83759,"date":"2025-11-06T10:26:11","date_gmt":"2025-11-06T14:26:11","guid":{"rendered":"https:\/\/pldaldia.com\/portada\/?p=83759"},"modified":"2025-11-06T12:53:05","modified_gmt":"2025-11-06T16:53:05","slug":"mas-que-bulto-y-camaras","status":"publish","type":"post","link":"https:\/\/pldaldia.com\/portada\/mas-que-bulto-y-camaras\/","title":{"rendered":"M\u00e1s que bulto y c\u00e1maras"},"content":{"rendered":"<p>Por: Santo Salvador Cuevas | Fue hace apenas d\u00edas que, en las redes sociales, se anunci\u00f3 a los habitantes de Bahoruco, que por Decreto el presidente Luis Abinader hab\u00eda ordenado declarar la provincia Bahoruco en Estado de Energencia, a solicitud del Director Ejecutivo del Servicio Nacional de Salud, Dr. Mario Lama; y el Senador de Bahoruco Guillermo Lama, t\u00edo y sobrino que \u00abpelean en pareja\u00bb.<\/p>\n<p>La iniciativa se podr\u00eda ver como un acto responsable y de buenas intenciones con la que se podr\u00eda contrarrestar el ataque masivo de mosquitos y alima\u00f1as, secuela de la tormenta Melissa.<\/p>\n<p>M\u00e1s, una cosa es el anuncio con el que se pretende contener el grito de los moradores en esta parte del pa\u00eds v\u00edctimas de millones de mosquitos que han asaltado las escuelas y los hogares.<\/p>\n<p>Sin embargo, los hechos dicen que estamos ante una acci\u00f3n politiquera dirigida \u00fanicamente  hacer bulto, y buscar c\u00e1maras pues junto al supuesto Decreto , no hay, ni se ha vislumbrado en ninguna comunidad de la provincia Bahoruco, alguna acci\u00f3n que en lo concreto d\u00e9 se\u00f1ales de ataque a la inundaci\u00f3n de mosquitos.<\/p>\n<p>Desde la funci\u00f3n que tiene Mario Lama, al frente del Servicio Nacional de Salud, \u00e9ste, sin tener que esperar el susodicho Decreto Presidencial,  debi\u00f3 arrancar con un plan agresivo de fumigaci\u00f3n, integrando a los maestros y alumnos, coordinando con la Asociaci\u00f3n Dominicana de Profesores (ADP),  tratando, con la participaci\u00f3n de todos los sectores, de enfrentar la amenaza latente de los mosquitos, que puede devenir en un brote de paludusmo.<\/p>\n<p>Resulta, sin embargo, que ni antes, ni ahora, ni despu\u00e9s del Decreto Presidencial anunciado por los Lamas para la provincia Bahoruco, han hecho absolutamente nada, que no sea bulto politiquero, buscar c\u00e1maras y pretender contener el grito in crecendum de una poblaci\u00f3n vulnerable que se encuentra atrapada entre los mosquitos y la politiquer\u00eda oficial.<\/p>\n<p>Por Dios, act\u00faen ya.<\/p>\n","protected":false},"excerpt":{"rendered":"<p>Por: Santo Salvador Cuevas | Fue hace apenas d\u00edas que, en las redes sociales, se anunci\u00f3 a los habitantes de Bahoruco, que por Decreto el presidente Luis Abinader hab\u00eda ordenado declarar la provincia Bahoruco en Estado de Energencia, a solicitud del Director Ejecutivo del Servicio Nacional de Salud, Dr. Mario Lama; y el Senador de [&hellip;]<\/p>\n","protected":false},"author":1,"featured_media":75570,"comment_status":"open","ping_status":"open","sticky":false,"template":"","format":"standard","meta":{"tdm_status":"","tdm_grid_status":"","footnotes":""},"categories":[53],"tags":[],"_links":{"self":[{"href":"https:\/\/pldaldia.com\/portada\/wp-json\/wp\/v2\/posts\/83759"}],"collection":[{"href":"https:\/\/pldaldia.com\/portada\/wp-json\/wp\/v2\/posts"}],"about":[{"href":"https:\/\/pldaldia.com\/portada\/wp-json\/wp\/v2\/types\/post"}],"author":[{"embeddable":true,"href":"https:\/\/pldaldia.com\/portada\/wp-json\/wp\/v2\/users\/1"}],"replies":[{"embeddable":true,"href":"https:\/\/pldaldia.com\/portada\/wp-json\/wp\/v2\/comments?post=83759"}],"version-history":[{"count":2,"href":"https:\/\/pldaldia.com\/portada\/wp-json\/wp\/v2\/posts\/83759\/revisions"}],"predecessor-version":[{"id":83764,"href":"https:\/\/pldaldia.com\/portada\/wp-json\/wp\/v2\/posts\/83759\/revisions\/83764"}],"wp:featuredmedia":[{"embeddable":true,"href":"https:\/\/pldaldia.com\/portada\/wp-json\/wp\/v2\/media\/75570"}],"wp:attachment":[{"href":"https:\/\/pldaldia.com\/portada\/wp-json\/wp\/v2\/media?parent=83759"}],"wp:term":[{"taxonomy":"category","embeddable":true,"href":"https:\/\/pldaldia.com\/portada\/wp-json\/wp\/v2\/categories?post=83759"},{"taxonomy":"post_tag","embeddable":true,"href":"https:\/\/pldaldia.com\/portada\/wp-json\/wp\/v2\/tags?post=83759"}],"curies":[{"name":"wp","href":"https:\/\/api.w.org\/{rel}","templated":true}]}}