{"id":83761,"date":"2025-11-06T10:47:09","date_gmt":"2025-11-06T14:47:09","guid":{"rendered":"https:\/\/pldaldia.com\/portada\/?p=83761"},"modified":"2025-11-06T10:47:09","modified_gmt":"2025-11-06T14:47:09","slug":"fortaleciendo-las-posiciones-magisteriales-peledeistas","status":"publish","type":"post","link":"https:\/\/pldaldia.com\/portada\/fortaleciendo-las-posiciones-magisteriales-peledeistas\/","title":{"rendered":"Fortaleciendo las posiciones magisteriales pelede\u00edstas"},"content":{"rendered":"<p>Asamblea de la corriente magisterial Eugenio Mar\u00eda de Hostos en Santiago pasa balance a su plan de trabajo en la provincia.<\/p>\n<p>Maestros y maestras del Partido de la Liberaci\u00f3n Dominicana (PLD) en Santiago acordaron el Plan de Trabajo a desarrollar en la provincia con el objetivo de fortalecer las posiciones magisteriales pelede\u00edstas en defensa de la educaci\u00f3n p\u00fablica y privada.<\/p>\n<p>En una asamblea coordinada por la corriente magisterial Eugenio Mar\u00eda de Hostos se acord\u00f3 tambi\u00e9n la elecci\u00f3n de los equipos de coordinaci\u00f3n en los distritos municipales y municipios de Santiago.<\/p>\n<p><a href=\"http:\/\/vanguardiadelpueblo.do\/wp-content\/uploads\/2025\/11\/2be5b481-0628-4b3f-a932-53100047348c-scaled.jpeg\"><img decoding=\"async\" loading=\"lazy\" class=\"alignright size-medium wp-image-230659\" src=\"http:\/\/vanguardiadelpueblo.do\/wp-content\/uploads\/2025\/11\/2be5b481-0628-4b3f-a932-53100047348c-480x281.jpeg\" alt=\"\" width=\"480\" height=\"281\" \/><\/a>Radham\u00e9s Camacho, quien es el titular de la Secretar\u00eda de Asuntos Magistrales y coordinador nacional de la corriente magisterial, presidi\u00f3 el encuentro con la participaci\u00f3n de Julio Canelo y los dirigentes Jacqueline Aponte Toribio, Antonio Santana y Juana Lidia Guzm\u00e1n del Municipio de Villa Gonz\u00e1lez, de igual manera Ram\u00f3n Rodr\u00edguez del Distrito Municipal de Pedro Garc\u00eda.<\/p>\n<p><a href=\"http:\/\/vanguardiadelpueblo.do\/wp-content\/uploads\/2025\/11\/312d7d36-715d-4bc5-9571-cbdb5d4c9a5c-scaled.jpeg\"><img decoding=\"async\" loading=\"lazy\" class=\"alignleft size-medium wp-image-230658\" src=\"http:\/\/vanguardiadelpueblo.do\/wp-content\/uploads\/2025\/11\/312d7d36-715d-4bc5-9571-cbdb5d4c9a5c-480x215.jpeg\" alt=\"\" width=\"480\" height=\"215\" \/><\/a>\u201cEn esta reuni\u00f3n de los maestros del PLD en Santiago acordamos, la realizaci\u00f3n de un programa de trabajo de la formaci\u00f3n de los equipos de coordinaci\u00f3n, por Municipio, Distrito Municipal y Bloques, se acord\u00f3 tambi\u00e9n el fortalecimiento del trabajo Magisterial pelede\u00edsta en defensa de la educaci\u00f3n p\u00fablica y privada\u201d, se explic\u00f3 al finalizar el encuentro.<\/p>\n","protected":false},"excerpt":{"rendered":"<p>Asamblea de la corriente magisterial Eugenio Mar\u00eda de Hostos en Santiago pasa balance a su plan de trabajo en la provincia. Maestros y maestras del Partido de la Liberaci\u00f3n Dominicana (PLD) en Santiago acordaron el Plan de Trabajo a desarrollar en la provincia con el objetivo de fortalecer las posiciones magisteriales pelede\u00edstas en defensa de [&hellip;]<\/p>\n","protected":false},"author":1,"featured_media":83762,"comment_status":"open","ping_status":"open","sticky":false,"template":"","format":"standard","meta":{"tdm_status":"","tdm_grid_status":"","footnotes":""},"categories":[9],"tags":[],"_links":{"self":[{"href":"https:\/\/pldaldia.com\/portada\/wp-json\/wp\/v2\/posts\/83761"}],"collection":[{"href":"https:\/\/pldaldia.com\/portada\/wp-json\/wp\/v2\/posts"}],"about":[{"href":"https:\/\/pldaldia.com\/portada\/wp-json\/wp\/v2\/types\/post"}],"author":[{"embeddable":true,"href":"https:\/\/pldaldia.com\/portada\/wp-json\/wp\/v2\/users\/1"}],"replies":[{"embeddable":true,"href":"https:\/\/pldaldia.com\/portada\/wp-json\/wp\/v2\/comments?post=83761"}],"version-history":[{"count":1,"href":"https:\/\/pldaldia.com\/portada\/wp-json\/wp\/v2\/posts\/83761\/revisions"}],"predecessor-version":[{"id":83763,"href":"https:\/\/pldaldia.com\/portada\/wp-json\/wp\/v2\/posts\/83761\/revisions\/83763"}],"wp:featuredmedia":[{"embeddable":true,"href":"https:\/\/pldaldia.com\/portada\/wp-json\/wp\/v2\/media\/83762"}],"wp:attachment":[{"href":"https:\/\/pldaldia.com\/portada\/wp-json\/wp\/v2\/media?parent=83761"}],"wp:term":[{"taxonomy":"category","embeddable":true,"href":"https:\/\/pldaldia.com\/portada\/wp-json\/wp\/v2\/categories?post=83761"},{"taxonomy":"post_tag","embeddable":true,"href":"https:\/\/pldaldia.com\/portada\/wp-json\/wp\/v2\/tags?post=83761"}],"curies":[{"name":"wp","href":"https:\/\/api.w.org\/{rel}","templated":true}]}}