{"id":83765,"date":"2025-11-06T13:39:17","date_gmt":"2025-11-06T17:39:17","guid":{"rendered":"https:\/\/pldaldia.com\/portada\/?p=83765"},"modified":"2025-11-06T13:39:17","modified_gmt":"2025-11-06T17:39:17","slug":"la-cesantia-no-es-una-carga-arbitraria-video","status":"publish","type":"post","link":"https:\/\/pldaldia.com\/portada\/la-cesantia-no-es-una-carga-arbitraria-video\/","title":{"rendered":"La cesant\u00eda no es una carga arbitraria | VIDEO"},"content":{"rendered":"<p>Yulibelys Wandelpool: \u201cLa cesant\u00eda no constituye una carga arbitraria ni un privilegio desmedido, sino un mecanismo de equilibrio y justicia\u201d<\/p>\n<p>La especialista en Derecho laboral y Administrativo, Yulibelys Wandelpool, quien es miembro del Comit\u00e9 Central del Partido de la Liberaci\u00f3n Dominicana (PLD), refut\u00f3 las afirmaciones de que el r\u00e9gimen de cesant\u00eda constituye un obst\u00e1culo para la creaci\u00f3n de empleos y el crecimiento empresarial.<\/p>\n<p>\u201cEsa afirmaci\u00f3n, desconoce la evidencia econ\u00f3mica y los fundamentos del derecho laboral dominicano\u201d, explica Wandelpool, en un trabajo publicado en los peri\u00f3dicos Hoy y Vanguardia del Pueblo.<\/p>\n<p>\u201cDesde la entrada en vigor del C\u00f3digo de Trabajo de 1992, la econom\u00eda dominicana ha crecido de manera sostenida. Durante m\u00e1s de tres d\u00e9cadas, el pa\u00eds ha ampliado su Producto Interno Bruto, ha atra\u00eddo inversi\u00f3n nacional y extranjera, y ha generado empleo formal bajo el mismo r\u00e9gimen de cesant\u00eda que hoy algunos pretenden debilitar\u201d, explica.<\/p>\n<p>Dice que si la cesant\u00eda fuera un obst\u00e1culo, como se argumenta, el mercado laboral dominicano no mostrar\u00e1 el nivel de volumen de empleos ni ese grado de formalizaci\u00f3n.<\/p>\n<p>\u201cLa cesant\u00eda no constituye una carga arbitraria ni un privilegio desmedido, sino un mecanismo de equilibrio y justicia compensatoria frente a la p\u00e9rdida de ingresos que produce una desvinculaci\u00f3n sin causa. Su finalidad es proteger al trabajador sin desincentivar la contrataci\u00f3n formal, garantizando la estabilidad y la confianza en las relaciones laborales\u201d, detalla Yulibelys Wandelpool para ratificar que es jur\u00eddicamente incorrecto decir que la cesant\u00eda desincentiva el empleo formal.<\/p>\n<p>Cierra su art\u00edculo con la afirmaci\u00f3n de que la cesant\u00eda no ha frenado el crecimiento del pa\u00eds, al contrario, lo ha acompa\u00f1ado con equilibrio y justicia.<\/p>\n<p>\u201cNing\u00fan pa\u00eds se desarrolla reduciendo derechos, sino ampliando oportunidades con justicia y dignidad\u201d concluy\u00f3.<\/p>\n<blockquote class=\"twitter-tweet\">\n<p lang=\"es\" dir=\"ltr\"><a href=\"https:\/\/twitter.com\/hashtag\/DelPartidoPLD?src=hash&amp;ref_src=twsrc%5Etfw\">#DelPartidoPLD<\/a> | La cesant\u00eda no detiene el crecimiento, lo acompa\u00f1a.<br \/>Soy emprendedora y empleadora desde 2013.<\/p>\n<p>He tenido que sostener n\u00f3minas y pagar cesant\u00edas, y puedo decirlo con certeza: la cesant\u00eda nunca me ha impedido crecer.<\/p>\n<p>Cuando en 1992 se incorpor\u00f3 la cesant\u00eda al\u2026 <a href=\"https:\/\/t.co\/E6XIZgULpw\">pic.twitter.com\/E6XIZgULpw<\/a><\/p>\n<p>&mdash; PLD (@PLDenlinea) <a href=\"https:\/\/twitter.com\/PLDenlinea\/status\/1986479547898888514?ref_src=twsrc%5Etfw\">November 6, 2025<\/a><\/p><\/blockquote>\n<p> <script async src=\"https:\/\/platform.twitter.com\/widgets.js\" charset=\"utf-8\"><\/script><\/p>\n","protected":false},"excerpt":{"rendered":"<p>Yulibelys Wandelpool: \u201cLa cesant\u00eda no constituye una carga arbitraria ni un privilegio desmedido, sino un mecanismo de equilibrio y justicia\u201d La especialista en Derecho laboral y Administrativo, Yulibelys Wandelpool, quien es miembro del Comit\u00e9 Central del Partido de la Liberaci\u00f3n Dominicana (PLD), refut\u00f3 las afirmaciones de que el r\u00e9gimen de cesant\u00eda constituye un obst\u00e1culo para [&hellip;]<\/p>\n","protected":false},"author":1,"featured_media":83766,"comment_status":"open","ping_status":"open","sticky":false,"template":"","format":"standard","meta":{"tdm_status":"","tdm_grid_status":"","footnotes":""},"categories":[9],"tags":[],"_links":{"self":[{"href":"https:\/\/pldaldia.com\/portada\/wp-json\/wp\/v2\/posts\/83765"}],"collection":[{"href":"https:\/\/pldaldia.com\/portada\/wp-json\/wp\/v2\/posts"}],"about":[{"href":"https:\/\/pldaldia.com\/portada\/wp-json\/wp\/v2\/types\/post"}],"author":[{"embeddable":true,"href":"https:\/\/pldaldia.com\/portada\/wp-json\/wp\/v2\/users\/1"}],"replies":[{"embeddable":true,"href":"https:\/\/pldaldia.com\/portada\/wp-json\/wp\/v2\/comments?post=83765"}],"version-history":[{"count":1,"href":"https:\/\/pldaldia.com\/portada\/wp-json\/wp\/v2\/posts\/83765\/revisions"}],"predecessor-version":[{"id":83767,"href":"https:\/\/pldaldia.com\/portada\/wp-json\/wp\/v2\/posts\/83765\/revisions\/83767"}],"wp:featuredmedia":[{"embeddable":true,"href":"https:\/\/pldaldia.com\/portada\/wp-json\/wp\/v2\/media\/83766"}],"wp:attachment":[{"href":"https:\/\/pldaldia.com\/portada\/wp-json\/wp\/v2\/media?parent=83765"}],"wp:term":[{"taxonomy":"category","embeddable":true,"href":"https:\/\/pldaldia.com\/portada\/wp-json\/wp\/v2\/categories?post=83765"},{"taxonomy":"post_tag","embeddable":true,"href":"https:\/\/pldaldia.com\/portada\/wp-json\/wp\/v2\/tags?post=83765"}],"curies":[{"name":"wp","href":"https:\/\/api.w.org\/{rel}","templated":true}]}}