{"id":83781,"date":"2025-11-06T22:58:27","date_gmt":"2025-11-07T02:58:27","guid":{"rendered":"https:\/\/pldaldia.com\/portada\/?p=83781"},"modified":"2025-11-06T22:58:27","modified_gmt":"2025-11-07T02:58:27","slug":"lula-abre-cumbre-de-lideres-con-mirada-hacia-cop30-en-brasil","status":"publish","type":"post","link":"https:\/\/pldaldia.com\/portada\/lula-abre-cumbre-de-lideres-con-mirada-hacia-cop30-en-brasil\/","title":{"rendered":"Lula abre Cumbre de L\u00edderes con mirada hacia COP30 en Brasil"},"content":{"rendered":"<p>Con la mirada puesta en la COP30, el presidente brasile\u00f1o, Luiz In\u00e1cio Lula da Silva, abre hoy en Belem, Brasil la Cumbre de L\u00edderes, encuentro que congrega a jefes de Estado en torno a una agenda ambiental com\u00fan.<\/p>\n<p>Desde horas tempranas, el gobernante recibir\u00e1 a mandatarios en el Parque da Cidade, antes de inaugurar, a media ma\u00f1ana, la sesi\u00f3n del foro en el Sal\u00f3n Plenario, donde se debatir\u00e1n estrategias de financiaci\u00f3n verde y cooperaci\u00f3n internacional frente a la crisis clim\u00e1tica.<\/p>\n<p>Noti resumen internacional<\/p>\n<p>Cifras actualizadas indican hoy que 12 personas murieron y m\u00e1s de una docena resultaron heridas cuando un avi\u00f3n de carga de UPS se estrell\u00f3 despu\u00e9s de despegar cerca del Aeropuerto Internacional de Louisville, Estados Unidos, informaron hoy las autoridades.<\/p>\n<p>\u2026\u2026\u2026\u2026..<\/p>\n<p>El Sistema de la Organizaci\u00f3n de las Naciones Unidas (ONU) en M\u00e9xico e instituciones del pa\u00eds manifestaron su rechazo al reciente episodio de acoso vivido por la presidenta Claudia Sheinbaum.<\/p>\n<p>\u2026\u2026\u2026\u2026\u2026.<\/p>\n<p>Bolivia alista hoy la recepci\u00f3n de 52 delegaciones extranjeras en la toma de posesi\u00f3n del presidente electo, Rodrigo Paz, asegur\u00f3 la ministra de Relaciones Exteriores, Celinda Sosa, en declaraciones a la prensa.<\/p>\n<p>\u2026\u2026\u2026\u2026\u2026<\/p>\n<p>Los comandos de los candidatos a la presidencia chilena preparan los actos de cierre de campa\u00f1a, cuando apenas faltan hoy 10 d\u00edas para los comicios, a los que est\u00e1n convocados 15,7 millones de electores.<\/p>\n","protected":false},"excerpt":{"rendered":"<p>Con la mirada puesta en la COP30, el presidente brasile\u00f1o, Luiz In\u00e1cio Lula da Silva, abre hoy en Belem, Brasil la Cumbre de L\u00edderes, encuentro que congrega a jefes de Estado en torno a una agenda ambiental com\u00fan. Desde horas tempranas, el gobernante recibir\u00e1 a mandatarios en el Parque da Cidade, antes de inaugurar, a [&hellip;]<\/p>\n","protected":false},"author":1,"featured_media":83779,"comment_status":"open","ping_status":"open","sticky":false,"template":"","format":"standard","meta":{"tdm_status":"","tdm_grid_status":"","footnotes":""},"categories":[51],"tags":[],"_links":{"self":[{"href":"https:\/\/pldaldia.com\/portada\/wp-json\/wp\/v2\/posts\/83781"}],"collection":[{"href":"https:\/\/pldaldia.com\/portada\/wp-json\/wp\/v2\/posts"}],"about":[{"href":"https:\/\/pldaldia.com\/portada\/wp-json\/wp\/v2\/types\/post"}],"author":[{"embeddable":true,"href":"https:\/\/pldaldia.com\/portada\/wp-json\/wp\/v2\/users\/1"}],"replies":[{"embeddable":true,"href":"https:\/\/pldaldia.com\/portada\/wp-json\/wp\/v2\/comments?post=83781"}],"version-history":[{"count":1,"href":"https:\/\/pldaldia.com\/portada\/wp-json\/wp\/v2\/posts\/83781\/revisions"}],"predecessor-version":[{"id":83783,"href":"https:\/\/pldaldia.com\/portada\/wp-json\/wp\/v2\/posts\/83781\/revisions\/83783"}],"wp:featuredmedia":[{"embeddable":true,"href":"https:\/\/pldaldia.com\/portada\/wp-json\/wp\/v2\/media\/83779"}],"wp:attachment":[{"href":"https:\/\/pldaldia.com\/portada\/wp-json\/wp\/v2\/media?parent=83781"}],"wp:term":[{"taxonomy":"category","embeddable":true,"href":"https:\/\/pldaldia.com\/portada\/wp-json\/wp\/v2\/categories?post=83781"},{"taxonomy":"post_tag","embeddable":true,"href":"https:\/\/pldaldia.com\/portada\/wp-json\/wp\/v2\/tags?post=83781"}],"curies":[{"name":"wp","href":"https:\/\/api.w.org\/{rel}","templated":true}]}}