{"id":83784,"date":"2025-11-07T04:00:36","date_gmt":"2025-11-07T08:00:36","guid":{"rendered":"https:\/\/pldaldia.com\/portada\/?p=83784"},"modified":"2025-11-06T22:58:54","modified_gmt":"2025-11-07T02:58:54","slug":"dia-internacional-de-la-fisica-medica-3","status":"publish","type":"post","link":"https:\/\/pldaldia.com\/portada\/dia-internacional-de-la-fisica-medica-3\/","title":{"rendered":"D\u00eda Internacional de la F\u00edsica M\u00e9dica"},"content":{"rendered":"<p>El 7 de noviembre se celebra el D\u00eda Internacional de la F\u00edsica M\u00e9dica, coincidiendo con el natalicio de Marie Curie, una reconocida cient\u00edfica que fue la pionera en lograr grandes avances en el campo de la radiactividad y cuyo trabajo se ha convertido en un gran aporte para tratar enfermedades como el c\u00e1ncer y otras.<\/p>\n","protected":false},"excerpt":{"rendered":"<p>El 7 de noviembre se celebra el D\u00eda Internacional de la F\u00edsica M\u00e9dica, coincidiendo con el natalicio de Marie Curie, una reconocida cient\u00edfica que fue la pionera en lograr grandes avances en el campo de la radiactividad y cuyo trabajo se ha convertido en un gran aporte para tratar enfermedades como el c\u00e1ncer y otras.<\/p>\n","protected":false},"author":1,"featured_media":83782,"comment_status":"open","ping_status":"open","sticky":false,"template":"","format":"standard","meta":{"tdm_status":"","tdm_grid_status":"","footnotes":""},"categories":[57],"tags":[],"_links":{"self":[{"href":"https:\/\/pldaldia.com\/portada\/wp-json\/wp\/v2\/posts\/83784"}],"collection":[{"href":"https:\/\/pldaldia.com\/portada\/wp-json\/wp\/v2\/posts"}],"about":[{"href":"https:\/\/pldaldia.com\/portada\/wp-json\/wp\/v2\/types\/post"}],"author":[{"embeddable":true,"href":"https:\/\/pldaldia.com\/portada\/wp-json\/wp\/v2\/users\/1"}],"replies":[{"embeddable":true,"href":"https:\/\/pldaldia.com\/portada\/wp-json\/wp\/v2\/comments?post=83784"}],"version-history":[{"count":1,"href":"https:\/\/pldaldia.com\/portada\/wp-json\/wp\/v2\/posts\/83784\/revisions"}],"predecessor-version":[{"id":83785,"href":"https:\/\/pldaldia.com\/portada\/wp-json\/wp\/v2\/posts\/83784\/revisions\/83785"}],"wp:featuredmedia":[{"embeddable":true,"href":"https:\/\/pldaldia.com\/portada\/wp-json\/wp\/v2\/media\/83782"}],"wp:attachment":[{"href":"https:\/\/pldaldia.com\/portada\/wp-json\/wp\/v2\/media?parent=83784"}],"wp:term":[{"taxonomy":"category","embeddable":true,"href":"https:\/\/pldaldia.com\/portada\/wp-json\/wp\/v2\/categories?post=83784"},{"taxonomy":"post_tag","embeddable":true,"href":"https:\/\/pldaldia.com\/portada\/wp-json\/wp\/v2\/tags?post=83784"}],"curies":[{"name":"wp","href":"https:\/\/api.w.org\/{rel}","templated":true}]}}