{"id":83792,"date":"2025-11-07T10:59:34","date_gmt":"2025-11-07T14:59:34","guid":{"rendered":"https:\/\/pldaldia.com\/portada\/?p=83792"},"modified":"2025-11-07T10:59:34","modified_gmt":"2025-11-07T14:59:34","slug":"bosch-y-la-democracia-dominicana-como-ejemplo-para-america-latina","status":"publish","type":"post","link":"https:\/\/pldaldia.com\/portada\/bosch-y-la-democracia-dominicana-como-ejemplo-para-america-latina\/","title":{"rendered":"Bosch y la Democracia Dominicana como Ejemplo para Am\u00e9rica Latina"},"content":{"rendered":"<p>Por: V\u00edctor Manuel Grimaldi C\u00e9spedes | En enero del a\u00f1o 1975, Juan Bosch conclu\u00eda un recorrido por varios pa\u00edses y no por casualidad terminaba en Suecia. Desde Estocolmo recib\u00eda yo entonces por correos una tarjeta postal firmada por \u00e9l mismo.<\/p>\n<p>Figura 1. Vista del monumento en Estocolmo representado en la tarjeta postal enviada por Juan Bosch (24 de enero de 1975).<\/p>\n<p>Figura 2. Reverso de la tarjeta postal manuscrita de Juan Bosch dirigida a V\u00edctor Grimaldi C\u00e9spedes, Diario La Noticia, Santo Domingo, 24 de enero de 1975.<\/p>\n<p>Un a\u00f1o y un mes antes, en noviembre y diciembre de 1973, Bosch hab\u00eda renunciado al PRD y hab\u00eda fundado un nuevo partido, el PLD.<\/p>\n<p>El Profesor Bosch manten\u00eda desde el exilio antitrujillista buenos v\u00ednculos con la organizaci\u00f3n de los socialdem\u00f3cratas de Suecia, lazos boschistas que luego heredaron el PRD y Jos\u00e9 Francisco Pe\u00f1a G\u00f3mez.<\/p>\n<p>Ni decir de sus v\u00ednculos con los italianos y los alemanes. Relaciones muy buenas.<\/p>\n<p>Su legado pol\u00edtico:<\/p>\n<p>El legado pol\u00edtico de Juan Bosch demuestra que fue m\u00e1s que un intelectual y un narrador: fue el arquitecto de la democracia moderna dominicana.<\/p>\n<p>Su pensamiento combin\u00f3 el humanismo, la justicia social y la \u00e9tica como fundamentos del poder pol\u00edtico.<\/p>\n<p>De su liderazgo nacieron los principales partidos que han gobernado el pa\u00eds en la mayor parte de los seis decenios posteriores a la invasi\u00f3n militar norteamericana de 1965: el Partido Revolucionario Dominicano (PRD), el Partido de la Liberaci\u00f3n Dominicana (PLD), el Partido Revolucionario Moderno (PRM) y la Fuerza del Pueblo (FP).<\/p>\n<p>Un estudio aparte merecen Joaqu\u00edn Balaguer y sus seguidores, quienes manejaron el Estado durante veinte a\u00f1os. Otros grupos partidarios s\u00f3lo han colaborado como aliados en distintas fases de la historia pol\u00edtica reciente del pa\u00eds.<\/p>\n<p>Bosch sembr\u00f3 la semilla del equilibrio entre libertad y responsabilidad, entre Estado y sociedad, entre desarrollo econ\u00f3mico y justicia distributiva. A\u00fan cuando cada grupo tom\u00f3 su propio rumbo, todos compartieron la ra\u00edz doctrinal de la socialdemocracia, adaptada a la realidad latinoamericana.<\/p>\n<p>Los herederos democr\u00e1ticos de Bosch:<\/p>\n<p>Los disc\u00edpulos y sucesores de Bosch gobernaron con distintos estilos, pero con un denominador com\u00fan: el compromiso con la democracia, las libertades y el bienestar del pueblo dominicano.<\/p>\n<p>Aunque Jos\u00e9 Francisco Pe\u00f1a G\u00f3mez fue el disc\u00edpulo m\u00e1s popular y carism\u00e1tico de Bosch dentro del PRD, no lleg\u00f3 a ejercer la Presidencia, si bien su liderazgo inspir\u00f3 a una generaci\u00f3n de dirigentes democr\u00e1ticos.<\/p>\n<p>Jacobo Majluta gobern\u00f3 durante cuarenta d\u00edas tras la muerte del presidente Guzm\u00e1n, dejando testimonio de la capacidad institucional de transici\u00f3n.<\/p>\n<p>Salvador Jorge Blanco (1982\u20131986), otro presidente del PRD que en realidad fue proveniente del partido Uni\u00f3n C\u00edvica opuesto a Bosch en 1962, enfrent\u00f3 graves tensiones econ\u00f3micas; la pol\u00edtica de ajuste impuesta por el economista Bernardo Vega desde el Banco Central provoc\u00f3 la crisis y la violencia de abril de 1984, que dej\u00f3 una herida social y pol\u00edtica en el pa\u00eds y dividi\u00f3 profundamente al PRD.<\/p>\n<p>Por eso los gobiernos de aut\u00e9ntica estirpe democr\u00e1tica que pueden destacarse como las gestiones m\u00e1s modernizadoras son las de:<\/p>\n<p>&#8211; Antonio Guzm\u00e1n Fern\u00e1ndez (1978\u20131982), quien abri\u00f3 el camino de la democracia plena y el respeto a los derechos humanos.<\/p>\n<p>&#8211; Hip\u00f3lito Mej\u00eda (2000\u20132004), que reforz\u00f3 la producci\u00f3n agr\u00edcola y mantuvo pol\u00edticas sociales inclusivas. Adem\u00e1s, inici\u00f3 el proceso de reformas del sector financiero con la nueva ley. Hab\u00eda encontrado graves fallas estructurales que enfrent\u00f3 en este sector.<\/p>\n<p>&#8211; Danilo Medina (2012\u20132020), que prioriz\u00f3 la inversi\u00f3n social y educativa.<\/p>\n<p>&#8211; Luis Abinader (2020\u20132025), que ha consolidado una gesti\u00f3n responsable, transparente y cercana al ciudadano.<\/p>\n<p>&#8211; Leonel Fern\u00e1ndez (1996\u20132012), que simboliz\u00f3 el equilibrio entre el pensamiento boschista, la modernidad econ\u00f3mica y la proyecci\u00f3n internacional del pa\u00eds.<\/p>\n<p>La socialdemocracia como v\u00eda de equilibrio:<\/p>\n<p>Mientras en Europa la socialdemocracia se consolid\u00f3 como una tradici\u00f3n estable \u2014desde Willy Brandt y Olof Palme hasta los actuales gobiernos del norte y sur del continente\u2014, en Am\u00e9rica Latina ha debido enfrentar desigualdades estructurales y limitaciones econ\u00f3micas. Aun as\u00ed, los gobiernos inspirados en Bosch han seguido esa l\u00ednea de moderaci\u00f3n ideol\u00f3gica: crecimiento con justicia, apertura con responsabilidad, progreso con equidad.<\/p>\n<p>Su experiencia demuestra que la democracia social es viable en Am\u00e9rica Latina cuando se combina disciplina fiscal con inversi\u00f3n social, educaci\u00f3n con productividad y \u00e9tica p\u00fablica con participaci\u00f3n ciudadana.<\/p>\n<p>Hacia un nuevo consenso latinoamericano:<\/p>\n<p>El futuro de Am\u00e9rica Latina no est\u00e1 en los extremos. Ni el autoritarismo disfrazado de populismo ni el neoliberalismo sin rostro humano ofrecen respuestas duraderas. Lo que el continente necesita es un nuevo consenso socialdem\u00f3crata latinoamericano, capaz de unir desarrollo y justicia, libertad y solidaridad.<\/p>\n<p>La Rep\u00fablica Dominicana ha sido un ejemplo de estabilidad y madurez institucional gracias a esa herencia de Bosch: presidentes que, con aciertos y errores, han respetado la Constituci\u00f3n, las libertades y la alternancia en el poder.<\/p>\n<p>Hoy, cuando el mundo enfrenta tensiones ideol\u00f3gicas y crisis econ\u00f3micas globales, la lecci\u00f3n de Bosch sigue vigente, pues no hay progreso verdadero sin justicia, ni justicia sin educaci\u00f3n moral del pueblo.<\/p>\n<p>Esa visi\u00f3n \u2014la del humanismo democr\u00e1tico\u2014 es la que puede guiar a Am\u00e9rica Latina hacia una nueva etapa de progreso.<\/p>\n<p>Los disc\u00edpulos de Bosch ya demostraron que la ideolog\u00eda o los principios de la socialdemocracia aplicados al estilo y condiciones de la sociedad dominicana pueden ser modelo de equilibrio, modernidad y respeto humano.<\/p>\n<p>Santo Domingo, noviembre de 2025.<\/p>\n","protected":false},"excerpt":{"rendered":"<p>Por: V\u00edctor Manuel Grimaldi C\u00e9spedes | En enero del a\u00f1o 1975, Juan Bosch conclu\u00eda un recorrido por varios pa\u00edses y no por casualidad terminaba en Suecia. Desde Estocolmo recib\u00eda yo entonces por correos una tarjeta postal firmada por \u00e9l mismo. Figura 1. Vista del monumento en Estocolmo representado en la tarjeta postal enviada por Juan [&hellip;]<\/p>\n","protected":false},"author":1,"featured_media":46967,"comment_status":"open","ping_status":"open","sticky":false,"template":"","format":"standard","meta":{"tdm_status":"","tdm_grid_status":"","footnotes":""},"categories":[53],"tags":[],"_links":{"self":[{"href":"https:\/\/pldaldia.com\/portada\/wp-json\/wp\/v2\/posts\/83792"}],"collection":[{"href":"https:\/\/pldaldia.com\/portada\/wp-json\/wp\/v2\/posts"}],"about":[{"href":"https:\/\/pldaldia.com\/portada\/wp-json\/wp\/v2\/types\/post"}],"author":[{"embeddable":true,"href":"https:\/\/pldaldia.com\/portada\/wp-json\/wp\/v2\/users\/1"}],"replies":[{"embeddable":true,"href":"https:\/\/pldaldia.com\/portada\/wp-json\/wp\/v2\/comments?post=83792"}],"version-history":[{"count":1,"href":"https:\/\/pldaldia.com\/portada\/wp-json\/wp\/v2\/posts\/83792\/revisions"}],"predecessor-version":[{"id":83793,"href":"https:\/\/pldaldia.com\/portada\/wp-json\/wp\/v2\/posts\/83792\/revisions\/83793"}],"wp:featuredmedia":[{"embeddable":true,"href":"https:\/\/pldaldia.com\/portada\/wp-json\/wp\/v2\/media\/46967"}],"wp:attachment":[{"href":"https:\/\/pldaldia.com\/portada\/wp-json\/wp\/v2\/media?parent=83792"}],"wp:term":[{"taxonomy":"category","embeddable":true,"href":"https:\/\/pldaldia.com\/portada\/wp-json\/wp\/v2\/categories?post=83792"},{"taxonomy":"post_tag","embeddable":true,"href":"https:\/\/pldaldia.com\/portada\/wp-json\/wp\/v2\/tags?post=83792"}],"curies":[{"name":"wp","href":"https:\/\/api.w.org\/{rel}","templated":true}]}}