{"id":83801,"date":"2025-11-07T11:36:03","date_gmt":"2025-11-07T15:36:03","guid":{"rendered":"https:\/\/pldaldia.com\/portada\/?p=83801"},"modified":"2025-11-07T11:36:03","modified_gmt":"2025-11-07T15:36:03","slug":"direccion-del-pld-encabeza-acto-de-este-sabado","status":"publish","type":"post","link":"https:\/\/pldaldia.com\/portada\/direccion-del-pld-encabeza-acto-de-este-sabado\/","title":{"rendered":"Direcci\u00f3n del PLD encabeza acto de este s\u00e1bado"},"content":{"rendered":"<p>El PLD pone en funcionamiento este s\u00e1bado su plataforma digital de formaci\u00f3n pol\u00edtica en un acto en su sede nacional.<\/p>\n<p>El Partido de la Liberaci\u00f3n Dominicana (PLD) pondr\u00e1 en funcionamiento este s\u00e1bado su plataforma digital de formaci\u00f3n pol\u00edtica en un acto que ser\u00e1 encabezado por la direcci\u00f3n de la organizaci\u00f3n pol\u00edtica.<\/p>\n<p>La actividad est\u00e1 programada para iniciar a las 10:00 de la ma\u00f1ana en el Sal\u00f3n Bienvenido Sandoval de la Casa Nacional Reinaldo Pared P\u00e9rez, la cual contar\u00e1 con la asistencia de miembros, militantes y dirigentes de la organizaci\u00f3n.<\/p>\n<p>La Importancia de la formaci\u00f3n pol\u00edtica para el fortalecimiento del PLD, la relevancia del funcionamiento de una plataforma virtual, que permita la formaci\u00f3n pol\u00edtica de los miembros y militantes se explicar\u00e1 en el curso del acto.<\/p>\n<p>Miembros del Comit\u00e9 Pol\u00edtico y Central, dirigentes nacionales y militantes del Partido de la Liberaci\u00f3n Dominicana han confirmado su participaci\u00f3n en el encuentro para el cual se est\u00e1 convocando por las v\u00edas tradicionales del PLD y mediante contacto directo.<\/p>\n<p>El X Congreso Ordinario Reinaldo Pared P\u00e9rez del PLD aprob\u00f3 su Programa de Formaci\u00f3n Pol\u00edtica, que se viene implementando en diferentes ejes, del que la plataforma digital es parte esencial del mismo.<\/p>\n<p>Alejandrina Germ\u00e1n es la titular de la Secretar\u00eda de Formaci\u00f3n Pol\u00edtica y coordinadora del Instituto de Formaci\u00f3n Pol\u00edtica, profesor Juan Bosch, entidades responsables de impulsar el programa formativo y de la organizaci\u00f3n del acto de este s\u00e1bado.<\/p>\n<p>Entre los objetivos del programa de formaci\u00f3n pol\u00edtica del Partido de la Liberaci\u00f3n Dominicana est\u00e1 contribuir al fortalecimiento del nivel formativo y del compromiso social, pol\u00edtico y \u00e9tico de las y los miembros del PLD.<\/p>\n","protected":false},"excerpt":{"rendered":"<p>El PLD pone en funcionamiento este s\u00e1bado su plataforma digital de formaci\u00f3n pol\u00edtica en un acto en su sede nacional. El Partido de la Liberaci\u00f3n Dominicana (PLD) pondr\u00e1 en funcionamiento este s\u00e1bado su plataforma digital de formaci\u00f3n pol\u00edtica en un acto que ser\u00e1 encabezado por la direcci\u00f3n de la organizaci\u00f3n pol\u00edtica. La actividad est\u00e1 programada [&hellip;]<\/p>\n","protected":false},"author":1,"featured_media":83802,"comment_status":"open","ping_status":"open","sticky":false,"template":"","format":"standard","meta":{"tdm_status":"","tdm_grid_status":"","footnotes":""},"categories":[9],"tags":[],"_links":{"self":[{"href":"https:\/\/pldaldia.com\/portada\/wp-json\/wp\/v2\/posts\/83801"}],"collection":[{"href":"https:\/\/pldaldia.com\/portada\/wp-json\/wp\/v2\/posts"}],"about":[{"href":"https:\/\/pldaldia.com\/portada\/wp-json\/wp\/v2\/types\/post"}],"author":[{"embeddable":true,"href":"https:\/\/pldaldia.com\/portada\/wp-json\/wp\/v2\/users\/1"}],"replies":[{"embeddable":true,"href":"https:\/\/pldaldia.com\/portada\/wp-json\/wp\/v2\/comments?post=83801"}],"version-history":[{"count":1,"href":"https:\/\/pldaldia.com\/portada\/wp-json\/wp\/v2\/posts\/83801\/revisions"}],"predecessor-version":[{"id":83803,"href":"https:\/\/pldaldia.com\/portada\/wp-json\/wp\/v2\/posts\/83801\/revisions\/83803"}],"wp:featuredmedia":[{"embeddable":true,"href":"https:\/\/pldaldia.com\/portada\/wp-json\/wp\/v2\/media\/83802"}],"wp:attachment":[{"href":"https:\/\/pldaldia.com\/portada\/wp-json\/wp\/v2\/media?parent=83801"}],"wp:term":[{"taxonomy":"category","embeddable":true,"href":"https:\/\/pldaldia.com\/portada\/wp-json\/wp\/v2\/categories?post=83801"},{"taxonomy":"post_tag","embeddable":true,"href":"https:\/\/pldaldia.com\/portada\/wp-json\/wp\/v2\/tags?post=83801"}],"curies":[{"name":"wp","href":"https:\/\/api.w.org\/{rel}","templated":true}]}}