{"id":83804,"date":"2025-11-07T11:38:10","date_gmt":"2025-11-07T15:38:10","guid":{"rendered":"https:\/\/pldaldia.com\/portada\/?p=83804"},"modified":"2025-11-07T11:46:44","modified_gmt":"2025-11-07T15:46:44","slug":"economia-de-republica-dominicana-a-la-baja","status":"publish","type":"post","link":"https:\/\/pldaldia.com\/portada\/economia-de-republica-dominicana-a-la-baja\/","title":{"rendered":"Econom\u00eda de Rep\u00fablica Dominicana a la baja"},"content":{"rendered":"<p>Luis Reyes Santos, economista, ex director de presupuesto y Secretario de Asuntos Econ\u00f3micos del Partido de la Liberaci\u00f3n Dominicana (PLD), explic\u00f3 que las recientes declaraciones de las autoridades revelan que la econom\u00eda dominicana est\u00e1 en una fase de desaceleraci\u00f3n.<\/p>\n<p>Adem\u00e1s, se\u00f1al\u00f3 que, desde su perspectiva, la econom\u00eda del pa\u00eds terminar\u00e1 el a\u00f1o en una situaci\u00f3n peor.<\/p>\n<p>Sugiri\u00f3 al gobierno repensar el modelo econ\u00f3mico dominicano, y disponer, de inmediato, recursos especializados para los sectores mipymes y construcci\u00f3n con tasas subsidiadas de un 8 % para detener la desaceleraci\u00f3n de la econom\u00eda.<\/p>\n","protected":false},"excerpt":{"rendered":"<p>Luis Reyes Santos, economista, ex director de presupuesto y Secretario de Asuntos Econ\u00f3micos del Partido de la Liberaci\u00f3n Dominicana (PLD), explic\u00f3 que las recientes declaraciones de las autoridades revelan que la econom\u00eda dominicana est\u00e1 en una fase de desaceleraci\u00f3n. Adem\u00e1s, se\u00f1al\u00f3 que, desde su perspectiva, la econom\u00eda del pa\u00eds terminar\u00e1 el a\u00f1o en una situaci\u00f3n [&hellip;]<\/p>\n","protected":false},"author":1,"featured_media":83805,"comment_status":"open","ping_status":"open","sticky":false,"template":"","format":"standard","meta":{"tdm_status":"","tdm_grid_status":"","footnotes":""},"categories":[50],"tags":[],"_links":{"self":[{"href":"https:\/\/pldaldia.com\/portada\/wp-json\/wp\/v2\/posts\/83804"}],"collection":[{"href":"https:\/\/pldaldia.com\/portada\/wp-json\/wp\/v2\/posts"}],"about":[{"href":"https:\/\/pldaldia.com\/portada\/wp-json\/wp\/v2\/types\/post"}],"author":[{"embeddable":true,"href":"https:\/\/pldaldia.com\/portada\/wp-json\/wp\/v2\/users\/1"}],"replies":[{"embeddable":true,"href":"https:\/\/pldaldia.com\/portada\/wp-json\/wp\/v2\/comments?post=83804"}],"version-history":[{"count":1,"href":"https:\/\/pldaldia.com\/portada\/wp-json\/wp\/v2\/posts\/83804\/revisions"}],"predecessor-version":[{"id":83806,"href":"https:\/\/pldaldia.com\/portada\/wp-json\/wp\/v2\/posts\/83804\/revisions\/83806"}],"wp:featuredmedia":[{"embeddable":true,"href":"https:\/\/pldaldia.com\/portada\/wp-json\/wp\/v2\/media\/83805"}],"wp:attachment":[{"href":"https:\/\/pldaldia.com\/portada\/wp-json\/wp\/v2\/media?parent=83804"}],"wp:term":[{"taxonomy":"category","embeddable":true,"href":"https:\/\/pldaldia.com\/portada\/wp-json\/wp\/v2\/categories?post=83804"},{"taxonomy":"post_tag","embeddable":true,"href":"https:\/\/pldaldia.com\/portada\/wp-json\/wp\/v2\/tags?post=83804"}],"curies":[{"name":"wp","href":"https:\/\/api.w.org\/{rel}","templated":true}]}}