{"id":83807,"date":"2025-11-07T14:50:38","date_gmt":"2025-11-07T18:50:38","guid":{"rendered":"https:\/\/pldaldia.com\/portada\/?p=83807"},"modified":"2025-11-07T14:50:38","modified_gmt":"2025-11-07T18:50:38","slug":"la-constitucion-es-una-garantia-viva-que-debe-respetarse","status":"publish","type":"post","link":"https:\/\/pldaldia.com\/portada\/la-constitucion-es-una-garantia-viva-que-debe-respetarse\/","title":{"rendered":"La Constituci\u00f3n es una garant\u00eda viva que debe respetarse"},"content":{"rendered":"<p>A prop\u00f3sito del aniversario de la Constituci\u00f3n, la maestra, Cristina Rodr\u00edguez, titular de la Secretar\u00eda de Igualdad y Equidad de G\u00e9nero del PLD denuncia la vulneraci\u00f3n de sus derechos<\/p>\n<p>Cristina Rodr\u00edguez, titular de la Secretar\u00eda de Igualdad y Equidad de G\u00e9nero del Partido de la Liberaci\u00f3n Dominicana (PLD) denunci\u00f3 que justo cuando se habla de derechos, libertad y democracia, al celebrarse el 181 aniversario de la Constituci\u00f3n dominicana, fueron vulnerados sus derechos por la misma instituci\u00f3n que deber\u00eda garantizarlos.<\/p>\n<p>Rodr\u00edguez declar\u00f3 que mientras el INAFOCAM (Instituto Nacional de Formaci\u00f3n y Capacitaci\u00f3n Magisterial) lanza su Protocolo y sus Pol\u00edticas de Igualdad de G\u00e9nero, a ella como docente, mujer formada por el Estado en igualdad y servidora p\u00fablica, la retiran de sus funciones laborales sin justificaci\u00f3n, dej\u00e1ndola en un limbo justo cuando inicia la Evaluaci\u00f3n de Desempe\u00f1o Docente 2025.<\/p>\n<p>Manifiesta que lo m\u00e1s contradictorio es que esta vulneraci\u00f3n proviene de una mujer que dirige la instituci\u00f3n, demostrando que la igualdad no se proclama, se practica.<\/p>\n<p>\u201cHoy recuerdo que la Constituci\u00f3n no es solo un documento para actos oficiales: es una garant\u00eda viva que debe respetarse en cada decisi\u00f3n administrativa, sin discriminaci\u00f3n ni retaliaciones\u201d, refiri\u00f3 Rodr\u00edguez.<\/p>\n<p>Indic\u00f3 que c\u00f3mo dominicana, como maestra y como defensora de la igualdad, reafirma su compromiso con los derechos, la dignidad docente y los valores de la patria. \u201cLa Constituci\u00f3n se honra cumpli\u00e9ndola, no viol\u00e1ndola\u201d.<\/p>\n","protected":false},"excerpt":{"rendered":"<p>A prop\u00f3sito del aniversario de la Constituci\u00f3n, la maestra, Cristina Rodr\u00edguez, titular de la Secretar\u00eda de Igualdad y Equidad de G\u00e9nero del PLD denuncia la vulneraci\u00f3n de sus derechos Cristina Rodr\u00edguez, titular de la Secretar\u00eda de Igualdad y Equidad de G\u00e9nero del Partido de la Liberaci\u00f3n Dominicana (PLD) denunci\u00f3 que justo cuando se habla de [&hellip;]<\/p>\n","protected":false},"author":1,"featured_media":83808,"comment_status":"open","ping_status":"open","sticky":false,"template":"","format":"standard","meta":{"tdm_status":"","tdm_grid_status":"","footnotes":""},"categories":[9],"tags":[],"_links":{"self":[{"href":"https:\/\/pldaldia.com\/portada\/wp-json\/wp\/v2\/posts\/83807"}],"collection":[{"href":"https:\/\/pldaldia.com\/portada\/wp-json\/wp\/v2\/posts"}],"about":[{"href":"https:\/\/pldaldia.com\/portada\/wp-json\/wp\/v2\/types\/post"}],"author":[{"embeddable":true,"href":"https:\/\/pldaldia.com\/portada\/wp-json\/wp\/v2\/users\/1"}],"replies":[{"embeddable":true,"href":"https:\/\/pldaldia.com\/portada\/wp-json\/wp\/v2\/comments?post=83807"}],"version-history":[{"count":1,"href":"https:\/\/pldaldia.com\/portada\/wp-json\/wp\/v2\/posts\/83807\/revisions"}],"predecessor-version":[{"id":83809,"href":"https:\/\/pldaldia.com\/portada\/wp-json\/wp\/v2\/posts\/83807\/revisions\/83809"}],"wp:featuredmedia":[{"embeddable":true,"href":"https:\/\/pldaldia.com\/portada\/wp-json\/wp\/v2\/media\/83808"}],"wp:attachment":[{"href":"https:\/\/pldaldia.com\/portada\/wp-json\/wp\/v2\/media?parent=83807"}],"wp:term":[{"taxonomy":"category","embeddable":true,"href":"https:\/\/pldaldia.com\/portada\/wp-json\/wp\/v2\/categories?post=83807"},{"taxonomy":"post_tag","embeddable":true,"href":"https:\/\/pldaldia.com\/portada\/wp-json\/wp\/v2\/tags?post=83807"}],"curies":[{"name":"wp","href":"https:\/\/api.w.org\/{rel}","templated":true}]}}