{"id":83816,"date":"2025-11-07T15:43:42","date_gmt":"2025-11-07T19:43:42","guid":{"rendered":"https:\/\/pldaldia.com\/portada\/?p=83816"},"modified":"2025-11-07T15:43:42","modified_gmt":"2025-11-07T19:43:42","slug":"recordando-los-aportes-de-una-gloria-del-deporte","status":"publish","type":"post","link":"https:\/\/pldaldia.com\/portada\/recordando-los-aportes-de-una-gloria-del-deporte\/","title":{"rendered":"Recordando los aportes de una gloria del Deporte"},"content":{"rendered":"<p>El PLD rinde tributo a Soterio Ram\u00edrez, en la celebraci\u00f3n del D\u00eda Nacional del Deporte<\/p>\n<p>El Partido de la Liberaci\u00f3n Dominicana rindi\u00f3 tributo de recordaci\u00f3n a Soterio Ram\u00edrez, destacado deportista, quien falleci\u00f3 el pasado a\u00f1o, celebrando con dicho homenaje, el D\u00eda Nacional del Deporte.<\/p>\n<p><a href=\"http:\/\/vanguardiadelpueblo.do\/wp-content\/uploads\/2025\/11\/WhatsApp-Image-2025-11-07-at-3.37.47-PM.jpeg\"><img decoding=\"async\" loading=\"lazy\" class=\"alignright size-medium wp-image-230742\" src=\"http:\/\/vanguardiadelpueblo.do\/wp-content\/uploads\/2025\/11\/WhatsApp-Image-2025-11-07-at-3.37.47-PM-434x320.jpeg\" alt=\"\" width=\"434\" height=\"320\" \/><\/a>La Secretar\u00eda de Deportes del Partido de la Liberaci\u00f3n Dominicana, organiz\u00f3 el acto solemne a la memoria de Ram\u00edrez, un inmortal del deporte dominicano por su destacada actuaci\u00f3n en la disciplina de baloncesto.<\/p>\n<p>La actividad tuvo lugar en el Cementerio Jard\u00edn Memorial, donde descansan los restos del destacado deportista y dirigente pol\u00edtico y cont\u00f3 con la presencia del titular de la Secretar\u00eda de Deportes, Reinaldo Nova, de los miembros del Comit\u00e9 Pol\u00edtico, Cristina Lizardo, Rub\u00e9n Dar\u00edo Cruz (Toyota) y ex secretario general del PLD, Charlie Mariotti.<\/p>\n<p>Participaron tambi\u00e9n los Subsecretarios de Deporte, Colpo Heredia, Kelvin Romero, Isaac D\u00edaz, Alcib\u00edades Alburquerque, Delvi Espinal y Miguel \u00c1ngel Zorrilla.<\/p>\n<p><a href=\"http:\/\/vanguardiadelpueblo.do\/wp-content\/uploads\/2025\/11\/WhatsApp-Image-2025-11-07-at-3.37.47-PM-1.jpeg\"><img decoding=\"async\" loading=\"lazy\" class=\"size-medium wp-image-230740 alignleft\" src=\"http:\/\/vanguardiadelpueblo.do\/wp-content\/uploads\/2025\/11\/WhatsApp-Image-2025-11-07-at-3.37.47-PM-1-475x320.jpeg\" alt=\"\" width=\"475\" height=\"320\" \/><\/a>Una representaci\u00f3n de la familia de Soterio Ram\u00edrez encabezada por las hermanas de Soterio, Agripina y Trina, los sobrinos Domingo, Robert y Yineily, esta \u00faltima de la Selecci\u00f3n Nacional Reinas del Caribe, asistieron a la actividad<\/p>\n<p>Hablaron el secretario de Deporte Reinaldo Nova y los miembros del Comit\u00e9 Pol\u00edtico Cristina Lizardo, Rub\u00e9n Dar\u00edo Cruz y Charlie Mariotti, quienes destacaron las cualidades deportivas, pol\u00edticas y humanas de Soterio Ram\u00edrez, quien tambi\u00e9n fue exaltado al Sal\u00f3n de la Fama del Deporte Dominicano.<\/p>\n","protected":false},"excerpt":{"rendered":"<p>El PLD rinde tributo a Soterio Ram\u00edrez, en la celebraci\u00f3n del D\u00eda Nacional del Deporte El Partido de la Liberaci\u00f3n Dominicana rindi\u00f3 tributo de recordaci\u00f3n a Soterio Ram\u00edrez, destacado deportista, quien falleci\u00f3 el pasado a\u00f1o, celebrando con dicho homenaje, el D\u00eda Nacional del Deporte. La Secretar\u00eda de Deportes del Partido de la Liberaci\u00f3n Dominicana, organiz\u00f3 [&hellip;]<\/p>\n","protected":false},"author":1,"featured_media":83820,"comment_status":"open","ping_status":"open","sticky":false,"template":"","format":"standard","meta":{"tdm_status":"","tdm_grid_status":"","footnotes":""},"categories":[9],"tags":[],"_links":{"self":[{"href":"https:\/\/pldaldia.com\/portada\/wp-json\/wp\/v2\/posts\/83816"}],"collection":[{"href":"https:\/\/pldaldia.com\/portada\/wp-json\/wp\/v2\/posts"}],"about":[{"href":"https:\/\/pldaldia.com\/portada\/wp-json\/wp\/v2\/types\/post"}],"author":[{"embeddable":true,"href":"https:\/\/pldaldia.com\/portada\/wp-json\/wp\/v2\/users\/1"}],"replies":[{"embeddable":true,"href":"https:\/\/pldaldia.com\/portada\/wp-json\/wp\/v2\/comments?post=83816"}],"version-history":[{"count":1,"href":"https:\/\/pldaldia.com\/portada\/wp-json\/wp\/v2\/posts\/83816\/revisions"}],"predecessor-version":[{"id":83821,"href":"https:\/\/pldaldia.com\/portada\/wp-json\/wp\/v2\/posts\/83816\/revisions\/83821"}],"wp:featuredmedia":[{"embeddable":true,"href":"https:\/\/pldaldia.com\/portada\/wp-json\/wp\/v2\/media\/83820"}],"wp:attachment":[{"href":"https:\/\/pldaldia.com\/portada\/wp-json\/wp\/v2\/media?parent=83816"}],"wp:term":[{"taxonomy":"category","embeddable":true,"href":"https:\/\/pldaldia.com\/portada\/wp-json\/wp\/v2\/categories?post=83816"},{"taxonomy":"post_tag","embeddable":true,"href":"https:\/\/pldaldia.com\/portada\/wp-json\/wp\/v2\/tags?post=83816"}],"curies":[{"name":"wp","href":"https:\/\/api.w.org\/{rel}","templated":true}]}}