{"id":83828,"date":"2025-11-08T00:58:21","date_gmt":"2025-11-08T04:58:21","guid":{"rendered":"https:\/\/pldaldia.com\/portada\/?p=83828"},"modified":"2025-11-08T00:58:21","modified_gmt":"2025-11-08T04:58:21","slug":"dia-mundial-de-la-radiologia-2","status":"publish","type":"post","link":"https:\/\/pldaldia.com\/portada\/dia-mundial-de-la-radiologia-2\/","title":{"rendered":"D\u00eda Mundial de la Radiolog\u00eda"},"content":{"rendered":"<p>El 8 de noviembre es el D\u00eda Mundial de la Radiolog\u00eda, una fecha ideal para conocer el rol que juega esta especialidad en la salud de las personas.<\/p>\n","protected":false},"excerpt":{"rendered":"<p>El 8 de noviembre es el D\u00eda Mundial de la Radiolog\u00eda, una fecha ideal para conocer el rol que juega esta especialidad en la salud de las personas.<\/p>\n","protected":false},"author":1,"featured_media":83829,"comment_status":"open","ping_status":"open","sticky":false,"template":"","format":"standard","meta":{"tdm_status":"","tdm_grid_status":"","footnotes":""},"categories":[57],"tags":[],"_links":{"self":[{"href":"https:\/\/pldaldia.com\/portada\/wp-json\/wp\/v2\/posts\/83828"}],"collection":[{"href":"https:\/\/pldaldia.com\/portada\/wp-json\/wp\/v2\/posts"}],"about":[{"href":"https:\/\/pldaldia.com\/portada\/wp-json\/wp\/v2\/types\/post"}],"author":[{"embeddable":true,"href":"https:\/\/pldaldia.com\/portada\/wp-json\/wp\/v2\/users\/1"}],"replies":[{"embeddable":true,"href":"https:\/\/pldaldia.com\/portada\/wp-json\/wp\/v2\/comments?post=83828"}],"version-history":[{"count":1,"href":"https:\/\/pldaldia.com\/portada\/wp-json\/wp\/v2\/posts\/83828\/revisions"}],"predecessor-version":[{"id":83830,"href":"https:\/\/pldaldia.com\/portada\/wp-json\/wp\/v2\/posts\/83828\/revisions\/83830"}],"wp:featuredmedia":[{"embeddable":true,"href":"https:\/\/pldaldia.com\/portada\/wp-json\/wp\/v2\/media\/83829"}],"wp:attachment":[{"href":"https:\/\/pldaldia.com\/portada\/wp-json\/wp\/v2\/media?parent=83828"}],"wp:term":[{"taxonomy":"category","embeddable":true,"href":"https:\/\/pldaldia.com\/portada\/wp-json\/wp\/v2\/categories?post=83828"},{"taxonomy":"post_tag","embeddable":true,"href":"https:\/\/pldaldia.com\/portada\/wp-json\/wp\/v2\/tags?post=83828"}],"curies":[{"name":"wp","href":"https:\/\/api.w.org\/{rel}","templated":true}]}}