{"id":83836,"date":"2025-11-09T04:50:45","date_gmt":"2025-11-09T08:50:45","guid":{"rendered":"https:\/\/pldaldia.com\/portada\/?p=83836"},"modified":"2025-11-09T04:50:45","modified_gmt":"2025-11-09T08:50:45","slug":"dia-internacional-del-inventor-2","status":"publish","type":"post","link":"https:\/\/pldaldia.com\/portada\/dia-internacional-del-inventor-2\/","title":{"rendered":"D\u00eda Internacional del Inventor"},"content":{"rendered":"<p>El 9 de noviembre se celebra el D\u00eda Internacional del Inventor. Aunque la denominaci\u00f3n se refiere solo al sujeto en masculino, nosotros desde aqu\u00ed reivindicamos que se llame D\u00eda Internacional del Inventor y de la Inventora.<\/p>\n","protected":false},"excerpt":{"rendered":"<p>El 9 de noviembre se celebra el D\u00eda Internacional del Inventor. Aunque la denominaci\u00f3n se refiere solo al sujeto en masculino, nosotros desde aqu\u00ed reivindicamos que se llame D\u00eda Internacional del Inventor y de la Inventora.<\/p>\n","protected":false},"author":1,"featured_media":83837,"comment_status":"open","ping_status":"open","sticky":false,"template":"","format":"standard","meta":{"tdm_status":"","tdm_grid_status":"","footnotes":""},"categories":[57],"tags":[],"_links":{"self":[{"href":"https:\/\/pldaldia.com\/portada\/wp-json\/wp\/v2\/posts\/83836"}],"collection":[{"href":"https:\/\/pldaldia.com\/portada\/wp-json\/wp\/v2\/posts"}],"about":[{"href":"https:\/\/pldaldia.com\/portada\/wp-json\/wp\/v2\/types\/post"}],"author":[{"embeddable":true,"href":"https:\/\/pldaldia.com\/portada\/wp-json\/wp\/v2\/users\/1"}],"replies":[{"embeddable":true,"href":"https:\/\/pldaldia.com\/portada\/wp-json\/wp\/v2\/comments?post=83836"}],"version-history":[{"count":1,"href":"https:\/\/pldaldia.com\/portada\/wp-json\/wp\/v2\/posts\/83836\/revisions"}],"predecessor-version":[{"id":83838,"href":"https:\/\/pldaldia.com\/portada\/wp-json\/wp\/v2\/posts\/83836\/revisions\/83838"}],"wp:featuredmedia":[{"embeddable":true,"href":"https:\/\/pldaldia.com\/portada\/wp-json\/wp\/v2\/media\/83837"}],"wp:attachment":[{"href":"https:\/\/pldaldia.com\/portada\/wp-json\/wp\/v2\/media?parent=83836"}],"wp:term":[{"taxonomy":"category","embeddable":true,"href":"https:\/\/pldaldia.com\/portada\/wp-json\/wp\/v2\/categories?post=83836"},{"taxonomy":"post_tag","embeddable":true,"href":"https:\/\/pldaldia.com\/portada\/wp-json\/wp\/v2\/tags?post=83836"}],"curies":[{"name":"wp","href":"https:\/\/api.w.org\/{rel}","templated":true}]}}