{"id":83839,"date":"2025-11-09T06:41:20","date_gmt":"2025-11-09T10:41:20","guid":{"rendered":"https:\/\/pldaldia.com\/portada\/?p=83839"},"modified":"2025-11-09T06:41:20","modified_gmt":"2025-11-09T10:41:20","slug":"no-se-tapa-el-sol-con-un-dedo","status":"publish","type":"post","link":"https:\/\/pldaldia.com\/portada\/no-se-tapa-el-sol-con-un-dedo\/","title":{"rendered":"No se tapa el sol con un dedo"},"content":{"rendered":"<p>Por: H\u00e9ctor Olivo | El gobierno del PRM insiste en su esquema  del uso   excesivo del marketing y la publicidad en procura de eliminar los ruidos y esc\u00e1ndalos que les afectan, que se extreman con las serias dificultades que afectan a la poblaci\u00f3n por el alto costo de la vida, la inseguridad y el desplome de los servicios, entre otros males.   <\/p>\n<p>El gasto en publicidad que se ha multiplicado en los \u00faltimos a\u00f1os  no ha reducido el desencanto ciudadano, ante el contrario,  la indignaci\u00f3n se apodera de los ciudadanos cada vez que el  Gobierno busca ocultar su ineficiencias con nuevas promesas,  anuncios poco sustentando y promesas que nadie cree.    <\/p>\n<p>Una situaci\u00f3n de mucho riesgo  que pudiera desencadenar en desenfreno y violencia. Ya en barrios y campos se sienten todo tipo de manifestaciones de esa naturaleza en protesta por los apagones, carencia de agua, factura el\u00e9ctrica alta, desatenci\u00f3n en los hospitales o limitaciones en la educaci\u00f3n.<\/p>\n<p>Las deficiencias no se subsanan con la saturaci\u00f3n de publicidad o las intervenciones del jefe del Estado en su foro semanal o las m\u00faltiples visitas con anuncios pocos cre\u00edbles.<\/p>\n<p>San Francisco de Macor\u00eds y el  nordeste  fue burlado esta semana  con el anuncio de la inauguraci\u00f3n del Hospital Regional Dr. \u00c1ngel Mar\u00eda Gat\u00f3n,  que no est\u00e1 ofreciendo servicios ni tampoco se tienen datos de cu\u00e1ndo comenzar\u00e1 a funcionar.<\/p>\n<p>El centro hospitalario inaugurado,  en las im\u00e1genes presentadas por el mismo gobierno,  se  nota  un \u00e1rea en construcci\u00f3n y que carece de planta de tratamiento con el peligro de verter las aguas negras contaminadas al r\u00edo Yuna.<\/p>\n<p>El Instituto Nacional del C\u00e1ncer (Incart)  cerrado en esta semana por  una falla en su sistema el\u00e9ctrico, \u201ccient\u00edficamente\u201d explicada por el m\u00e9dico ginec\u00f3logo que dirige el Sistema Nacional de Salud (SNS)<\/p>\n<p>Para cerrar la semana  dos  personas resultaron heridas tras la explosi\u00f3n de un tanque de agua en el municipio Consuelo, provincia San Pedro de Macor\u00eds, un hecho que tambi\u00e9n  provoc\u00f3 el colapso total de dos viviendas y dej\u00f3 al menos diez casas afectadas.<\/p>\n<p>Esta explosi\u00f3n tiene una \u00fanica explicaci\u00f3n, la ausencia de manteamiento y vigilancia del INAPA, cuyo incumbente, al igual que los otros aspirantes a la candidatura presidencial del PRM,  se la pasan anunciando obras y prometiendo, tratando de disfrazar una cosa visible, es que est\u00e1n en campa\u00f1a electoral<\/p>\n<p>No se pueden ocultar los graves problemas  con soluci\u00f3nes  superficiales, anuncios, publicidad enga\u00f1osa o las mentiras que han  especializado al gobierno del enga\u00f1o<\/p>\n","protected":false},"excerpt":{"rendered":"<p>Por: H\u00e9ctor Olivo | El gobierno del PRM insiste en su esquema del uso excesivo del marketing y la publicidad en procura de eliminar los ruidos y esc\u00e1ndalos que les afectan, que se extreman con las serias dificultades que afectan a la poblaci\u00f3n por el alto costo de la vida, la inseguridad y el desplome [&hellip;]<\/p>\n","protected":false},"author":1,"featured_media":65375,"comment_status":"open","ping_status":"open","sticky":false,"template":"","format":"standard","meta":{"tdm_status":"","tdm_grid_status":"","footnotes":""},"categories":[53],"tags":[],"_links":{"self":[{"href":"https:\/\/pldaldia.com\/portada\/wp-json\/wp\/v2\/posts\/83839"}],"collection":[{"href":"https:\/\/pldaldia.com\/portada\/wp-json\/wp\/v2\/posts"}],"about":[{"href":"https:\/\/pldaldia.com\/portada\/wp-json\/wp\/v2\/types\/post"}],"author":[{"embeddable":true,"href":"https:\/\/pldaldia.com\/portada\/wp-json\/wp\/v2\/users\/1"}],"replies":[{"embeddable":true,"href":"https:\/\/pldaldia.com\/portada\/wp-json\/wp\/v2\/comments?post=83839"}],"version-history":[{"count":1,"href":"https:\/\/pldaldia.com\/portada\/wp-json\/wp\/v2\/posts\/83839\/revisions"}],"predecessor-version":[{"id":83840,"href":"https:\/\/pldaldia.com\/portada\/wp-json\/wp\/v2\/posts\/83839\/revisions\/83840"}],"wp:featuredmedia":[{"embeddable":true,"href":"https:\/\/pldaldia.com\/portada\/wp-json\/wp\/v2\/media\/65375"}],"wp:attachment":[{"href":"https:\/\/pldaldia.com\/portada\/wp-json\/wp\/v2\/media?parent=83839"}],"wp:term":[{"taxonomy":"category","embeddable":true,"href":"https:\/\/pldaldia.com\/portada\/wp-json\/wp\/v2\/categories?post=83839"},{"taxonomy":"post_tag","embeddable":true,"href":"https:\/\/pldaldia.com\/portada\/wp-json\/wp\/v2\/tags?post=83839"}],"curies":[{"name":"wp","href":"https:\/\/api.w.org\/{rel}","templated":true}]}}