{"id":83844,"date":"2025-11-09T11:02:17","date_gmt":"2025-11-09T15:02:17","guid":{"rendered":"https:\/\/pldaldia.com\/portada\/?p=83844"},"modified":"2025-11-09T11:02:17","modified_gmt":"2025-11-09T15:02:17","slug":"pld-vive-un-momento-estelar-2","status":"publish","type":"post","link":"https:\/\/pldaldia.com\/portada\/pld-vive-un-momento-estelar-2\/","title":{"rendered":"PLD vive un momento estelar"},"content":{"rendered":"<p>Gustavo S\u00e1nchez, vocero del bloque parlamentario del Partido de la Liberaci\u00f3n Dominicana, resalta la fortaleza del PLD que lo conducir\u00e1 al pr\u00f3ximo triunfo electoral<\/p>\n<p>Gustavo S\u00e1nchez, vocero del Bloque de Diputados del Partido de la Liberaci\u00f3n Dominicana (PLD), al valorar la entusiasta participaci\u00f3n de la dirigencia partidaria en el acto de puesta en funcionamiento de la Plataforma Digital de Formaci\u00f3n Pol\u00edtica apunt\u00f3 sobre la confianza de que en el 2028 esa organizaci\u00f3n volver\u00e1 a dirigir los destinos nacionales.<\/p>\n<p>\u00abEl partido est\u00e1 viviendo un momento estelar. Hemos retomado la fe. Ha vuelto la esperanza\u2026 y eso unifica al PLD\u00bb, sostuvo, dejando entrever la proximidad para escoger un candidato unificador.<\/p>\n<p>S\u00e1nchez produjo sus declaraciones al participar en la presentaci\u00f3n de la nueva plataforma virtual del Instituto de Formaci\u00f3n Pol\u00edtica del PLD.<\/p>\n<p>\u00abEste evento es para dejar en funcionamiento la plataforma digital de formaci\u00f3n pol\u00edtica, implementada por la Secretaria de Formaci\u00f3n Pol\u00edtica, que dirige exitosamente la compa\u00f1era Alejandrina Germ\u00e1n\u201d, explic\u00f3 S\u00e1nchez a los periodistas<\/p>\n<p>Revel\u00f3 que, por mandato estatutario el partido aprob\u00f3 un programa formativo para provocar que los militantes y mucho m\u00e1s los que ten\u00edan deseo de hacer una carrera pol\u00edtica pudieran formarse y dedicarse a conocer no solamente la sociolog\u00eda del pueblo dominicano sino defender la causa por la que el PLD est\u00e1 haciendo pol\u00edtica, el sentido com\u00fan, lo que tiene que ver con el bienestar general de la poblaci\u00f3n.<\/p>\n<p>\u00abSi t\u00fa ves la cara de los compa\u00f1eros, abrigados de fe y de esperanza te puedo decir que lo peor del PLD pas\u00f3 y fue la persecuci\u00f3n de que fuimos objeto en el 2020. Reina en la militancia del partido la confianza de que en el 2028 volveremos a ser gobierno\u00bb, complet\u00f3 Gustavo S\u00e1nchez su respuesta.<\/p>\n","protected":false},"excerpt":{"rendered":"<p>Gustavo S\u00e1nchez, vocero del bloque parlamentario del Partido de la Liberaci\u00f3n Dominicana, resalta la fortaleza del PLD que lo conducir\u00e1 al pr\u00f3ximo triunfo electoral Gustavo S\u00e1nchez, vocero del Bloque de Diputados del Partido de la Liberaci\u00f3n Dominicana (PLD), al valorar la entusiasta participaci\u00f3n de la dirigencia partidaria en el acto de puesta en funcionamiento de [&hellip;]<\/p>\n","protected":false},"author":1,"featured_media":83845,"comment_status":"open","ping_status":"open","sticky":false,"template":"","format":"standard","meta":{"tdm_status":"","tdm_grid_status":"","footnotes":""},"categories":[9],"tags":[],"_links":{"self":[{"href":"https:\/\/pldaldia.com\/portada\/wp-json\/wp\/v2\/posts\/83844"}],"collection":[{"href":"https:\/\/pldaldia.com\/portada\/wp-json\/wp\/v2\/posts"}],"about":[{"href":"https:\/\/pldaldia.com\/portada\/wp-json\/wp\/v2\/types\/post"}],"author":[{"embeddable":true,"href":"https:\/\/pldaldia.com\/portada\/wp-json\/wp\/v2\/users\/1"}],"replies":[{"embeddable":true,"href":"https:\/\/pldaldia.com\/portada\/wp-json\/wp\/v2\/comments?post=83844"}],"version-history":[{"count":1,"href":"https:\/\/pldaldia.com\/portada\/wp-json\/wp\/v2\/posts\/83844\/revisions"}],"predecessor-version":[{"id":83846,"href":"https:\/\/pldaldia.com\/portada\/wp-json\/wp\/v2\/posts\/83844\/revisions\/83846"}],"wp:featuredmedia":[{"embeddable":true,"href":"https:\/\/pldaldia.com\/portada\/wp-json\/wp\/v2\/media\/83845"}],"wp:attachment":[{"href":"https:\/\/pldaldia.com\/portada\/wp-json\/wp\/v2\/media?parent=83844"}],"wp:term":[{"taxonomy":"category","embeddable":true,"href":"https:\/\/pldaldia.com\/portada\/wp-json\/wp\/v2\/categories?post=83844"},{"taxonomy":"post_tag","embeddable":true,"href":"https:\/\/pldaldia.com\/portada\/wp-json\/wp\/v2\/tags?post=83844"}],"curies":[{"name":"wp","href":"https:\/\/api.w.org\/{rel}","templated":true}]}}