{"id":83850,"date":"2025-11-09T13:07:56","date_gmt":"2025-11-09T17:07:56","guid":{"rendered":"https:\/\/pldaldia.com\/portada\/?p=83850"},"modified":"2025-11-09T13:07:56","modified_gmt":"2025-11-09T17:07:56","slug":"abel-martinez-impulsa-un-llamado-a-la-accion-organizar-escuchar-y-caminar-junto-al-pueblo","status":"publish","type":"post","link":"https:\/\/pldaldia.com\/portada\/abel-martinez-impulsa-un-llamado-a-la-accion-organizar-escuchar-y-caminar-junto-al-pueblo\/","title":{"rendered":"Abel Mart\u00ednez impulsa un llamado a la acci\u00f3n: organizar, escuchar y caminar junto al pueblo\u201d"},"content":{"rendered":"<p>Abel Mart\u00ednez, miembro del Comit\u00e9 Politico del Partido de la Liberaci\u00f3n Dominicana (PLD), realiz\u00f3 un llamado a toda la militancia morada a redoblar sus esfuerzos en el trabajo pol\u00edtico y social, acompa\u00f1ando al pueblo dominicano en medio de los desaf\u00edos que enfrenta el pa\u00eds, con el compromiso de construir juntos un futuro digno, justo y lleno de oportunidades.<\/p>\n<p>Mart\u00ednez, ex candidato presidencial del PLD, expres\u00f3 que la Rep\u00fablica Dominicana atraviesa momentos de incertidumbre y desconfianza, pero asegur\u00f3 que \u201clos pelede\u00edstas sabemos levantarnos cuando la patria nos necesita\u201d. Enfatiz\u00f3 que es tiempo de volver a organizar, escuchar y caminar junto al pueblo dominicano para recuperar la esperanza y fortalecer el esp\u00edritu nacional.<\/p>\n<p>\u201cEl PLD debe volver a caminar junto al dominicano de a pie, junto al joven que busca oportunidades, junto a las madres que anhelan seguridad y junto a los trabajadores que reclaman justicia. Nuestra misi\u00f3n es volver a ganarnos la confianza del pueblo con trabajo, con entrega y con resultados. Recordemos que, la grandeza del PLD no est\u00e1 solo en su historia, sino en su capacidad de renovarse sin perder sus valores\u201d, manifest\u00f3.<\/p>\n<p>Resalt\u00f3 que el compromiso del PLD no se limita a un cambio de gobierno, sino a una renovaci\u00f3n profunda de valores, \u00e9tica y vocaci\u00f3n de servicio. \u201cNo se trata de mirar atr\u00e1s, sino de mirar hacia adelante con fe, con disciplina y con coraz\u00f3n morado, porque cuando el PLD se levanta, se levanta el pa\u00eds y cuando el PLD camina con el pueblo, el pueblo vuelve a creer\u201d, se\u00f1al\u00f3.<\/p>\n<p>Finalmente, Abel Mart\u00ednez reafirm\u00f3 su compromiso de seguir trabajando por una Rep\u00fablica Dominicana m\u00e1s justa y pr\u00f3spera, destacando que, \u201cpara lograrlo, sigamos adelante, con la fe puesta en Dios y con la convicci\u00f3n firme de devolverle a nuestro pueblo un futuro digno, lleno de oportunidades y de esperanza\u201d, concluy\u00f3.<\/p>\n","protected":false},"excerpt":{"rendered":"<p>Abel Mart\u00ednez, miembro del Comit\u00e9 Politico del Partido de la Liberaci\u00f3n Dominicana (PLD), realiz\u00f3 un llamado a toda la militancia morada a redoblar sus esfuerzos en el trabajo pol\u00edtico y social, acompa\u00f1ando al pueblo dominicano en medio de los desaf\u00edos que enfrenta el pa\u00eds, con el compromiso de construir juntos un futuro digno, justo y [&hellip;]<\/p>\n","protected":false},"author":1,"featured_media":83851,"comment_status":"open","ping_status":"open","sticky":false,"template":"","format":"standard","meta":{"tdm_status":"","tdm_grid_status":"","footnotes":""},"categories":[9],"tags":[],"_links":{"self":[{"href":"https:\/\/pldaldia.com\/portada\/wp-json\/wp\/v2\/posts\/83850"}],"collection":[{"href":"https:\/\/pldaldia.com\/portada\/wp-json\/wp\/v2\/posts"}],"about":[{"href":"https:\/\/pldaldia.com\/portada\/wp-json\/wp\/v2\/types\/post"}],"author":[{"embeddable":true,"href":"https:\/\/pldaldia.com\/portada\/wp-json\/wp\/v2\/users\/1"}],"replies":[{"embeddable":true,"href":"https:\/\/pldaldia.com\/portada\/wp-json\/wp\/v2\/comments?post=83850"}],"version-history":[{"count":1,"href":"https:\/\/pldaldia.com\/portada\/wp-json\/wp\/v2\/posts\/83850\/revisions"}],"predecessor-version":[{"id":83852,"href":"https:\/\/pldaldia.com\/portada\/wp-json\/wp\/v2\/posts\/83850\/revisions\/83852"}],"wp:featuredmedia":[{"embeddable":true,"href":"https:\/\/pldaldia.com\/portada\/wp-json\/wp\/v2\/media\/83851"}],"wp:attachment":[{"href":"https:\/\/pldaldia.com\/portada\/wp-json\/wp\/v2\/media?parent=83850"}],"wp:term":[{"taxonomy":"category","embeddable":true,"href":"https:\/\/pldaldia.com\/portada\/wp-json\/wp\/v2\/categories?post=83850"},{"taxonomy":"post_tag","embeddable":true,"href":"https:\/\/pldaldia.com\/portada\/wp-json\/wp\/v2\/tags?post=83850"}],"curies":[{"name":"wp","href":"https:\/\/api.w.org\/{rel}","templated":true}]}}