{"id":83853,"date":"2025-11-09T13:11:00","date_gmt":"2025-11-09T17:11:00","guid":{"rendered":"https:\/\/pldaldia.com\/portada\/?p=83853"},"modified":"2025-11-09T13:11:00","modified_gmt":"2025-11-09T17:11:00","slug":"francisco-javier-ve-necesidad-de-mas-apoyo-del-ejecutivo-a-los-sectores-productivos-para-aumentar-riquezas-del-pais","status":"publish","type":"post","link":"https:\/\/pldaldia.com\/portada\/francisco-javier-ve-necesidad-de-mas-apoyo-del-ejecutivo-a-los-sectores-productivos-para-aumentar-riquezas-del-pais\/","title":{"rendered":"Francisco Javier ve necesidad de m\u00e1s apoyo del Ejecutivo a los sectores productivos para aumentar riquezas del pa\u00eds"},"content":{"rendered":"<p>El miembro del Comit\u00e9 Pol\u00edtico del Partido de la Liberaci\u00f3n Dominicana (PLD), Francisco Javier Garc\u00eda, consider\u00f3 necesario el fortalecimiento de la sinergia entre el Poder Ejecutivo y los sectores productivos con la finalidad de incrementar la producci\u00f3n de riquezas en el pa\u00eds.<br \/>\nGarc\u00eda fundament\u00f3 su afirmaci\u00f3n en que durante reuniones con empresarios y comerciantes le han planteado que no reciben el respaldo requerido de parte del sector oficial.<br \/>\nAgreg\u00f3 que eso resulta contraproducente, porque ninguna sociedad puede avanzar en t\u00e9rminos econ\u00f3micos y sociales si no cuenta con un sector privado que genere las riquezas necesarias para generar bienestar colectivo.<br \/>\nGarc\u00eda emiti\u00f3 esas consideraciones en La Vega, donde desarroll\u00f3 un programa de visitas a empresarios, comerciantes y emprendedores j\u00f3venes, con quienes socializ\u00f3 ideas de c\u00f3mo retomar el camino de desarrollo econ\u00f3mico que se implement\u00f3 durante las gestiones del PLD al frente del Estado.<\/p>\n","protected":false},"excerpt":{"rendered":"<p>El miembro del Comit\u00e9 Pol\u00edtico del Partido de la Liberaci\u00f3n Dominicana (PLD), Francisco Javier Garc\u00eda, consider\u00f3 necesario el fortalecimiento de la sinergia entre el Poder Ejecutivo y los sectores productivos con la finalidad de incrementar la producci\u00f3n de riquezas en el pa\u00eds. Garc\u00eda fundament\u00f3 su afirmaci\u00f3n en que durante reuniones con empresarios y comerciantes le [&hellip;]<\/p>\n","protected":false},"author":1,"featured_media":83854,"comment_status":"open","ping_status":"open","sticky":false,"template":"","format":"standard","meta":{"tdm_status":"","tdm_grid_status":"","footnotes":""},"categories":[9],"tags":[],"_links":{"self":[{"href":"https:\/\/pldaldia.com\/portada\/wp-json\/wp\/v2\/posts\/83853"}],"collection":[{"href":"https:\/\/pldaldia.com\/portada\/wp-json\/wp\/v2\/posts"}],"about":[{"href":"https:\/\/pldaldia.com\/portada\/wp-json\/wp\/v2\/types\/post"}],"author":[{"embeddable":true,"href":"https:\/\/pldaldia.com\/portada\/wp-json\/wp\/v2\/users\/1"}],"replies":[{"embeddable":true,"href":"https:\/\/pldaldia.com\/portada\/wp-json\/wp\/v2\/comments?post=83853"}],"version-history":[{"count":1,"href":"https:\/\/pldaldia.com\/portada\/wp-json\/wp\/v2\/posts\/83853\/revisions"}],"predecessor-version":[{"id":83855,"href":"https:\/\/pldaldia.com\/portada\/wp-json\/wp\/v2\/posts\/83853\/revisions\/83855"}],"wp:featuredmedia":[{"embeddable":true,"href":"https:\/\/pldaldia.com\/portada\/wp-json\/wp\/v2\/media\/83854"}],"wp:attachment":[{"href":"https:\/\/pldaldia.com\/portada\/wp-json\/wp\/v2\/media?parent=83853"}],"wp:term":[{"taxonomy":"category","embeddable":true,"href":"https:\/\/pldaldia.com\/portada\/wp-json\/wp\/v2\/categories?post=83853"},{"taxonomy":"post_tag","embeddable":true,"href":"https:\/\/pldaldia.com\/portada\/wp-json\/wp\/v2\/tags?post=83853"}],"curies":[{"name":"wp","href":"https:\/\/api.w.org\/{rel}","templated":true}]}}