{"id":83858,"date":"2025-11-10T03:46:51","date_gmt":"2025-11-10T07:46:51","guid":{"rendered":"https:\/\/pldaldia.com\/portada\/?p=83858"},"modified":"2025-11-10T03:46:51","modified_gmt":"2025-11-10T07:46:51","slug":"dia-internacional-de-la-contabilidad-2","status":"publish","type":"post","link":"https:\/\/pldaldia.com\/portada\/dia-internacional-de-la-contabilidad-2\/","title":{"rendered":"D\u00eda Internacional de la Contabilidad"},"content":{"rendered":"<p><span data-mce-type=\"bookmark\" style=\"display: inline-block; width: 0px; overflow: hidden; line-height: 0;\" class=\"mce_SELRES_start\">\ufeff<\/span><\/p>\n<p>Cada 10 de noviembre se celebra el D\u00eda Internacional de la Contabilidad, en homenaje a una de las disciplinas econ\u00f3micas m\u00e1s importantes para la toma de decisiones y el control de la gesti\u00f3n econ\u00f3mica, de manera eficiente.<\/p>\n","protected":false},"excerpt":{"rendered":"<p>\ufeff Cada 10 de noviembre se celebra el D\u00eda Internacional de la Contabilidad, en homenaje a una de las disciplinas econ\u00f3micas m\u00e1s importantes para la toma de decisiones y el control de la gesti\u00f3n econ\u00f3mica, de manera eficiente.<\/p>\n","protected":false},"author":1,"featured_media":83859,"comment_status":"open","ping_status":"open","sticky":false,"template":"","format":"standard","meta":{"tdm_status":"","tdm_grid_status":"","footnotes":""},"categories":[57],"tags":[],"_links":{"self":[{"href":"https:\/\/pldaldia.com\/portada\/wp-json\/wp\/v2\/posts\/83858"}],"collection":[{"href":"https:\/\/pldaldia.com\/portada\/wp-json\/wp\/v2\/posts"}],"about":[{"href":"https:\/\/pldaldia.com\/portada\/wp-json\/wp\/v2\/types\/post"}],"author":[{"embeddable":true,"href":"https:\/\/pldaldia.com\/portada\/wp-json\/wp\/v2\/users\/1"}],"replies":[{"embeddable":true,"href":"https:\/\/pldaldia.com\/portada\/wp-json\/wp\/v2\/comments?post=83858"}],"version-history":[{"count":1,"href":"https:\/\/pldaldia.com\/portada\/wp-json\/wp\/v2\/posts\/83858\/revisions"}],"predecessor-version":[{"id":83860,"href":"https:\/\/pldaldia.com\/portada\/wp-json\/wp\/v2\/posts\/83858\/revisions\/83860"}],"wp:featuredmedia":[{"embeddable":true,"href":"https:\/\/pldaldia.com\/portada\/wp-json\/wp\/v2\/media\/83859"}],"wp:attachment":[{"href":"https:\/\/pldaldia.com\/portada\/wp-json\/wp\/v2\/media?parent=83858"}],"wp:term":[{"taxonomy":"category","embeddable":true,"href":"https:\/\/pldaldia.com\/portada\/wp-json\/wp\/v2\/categories?post=83858"},{"taxonomy":"post_tag","embeddable":true,"href":"https:\/\/pldaldia.com\/portada\/wp-json\/wp\/v2\/tags?post=83858"}],"curies":[{"name":"wp","href":"https:\/\/api.w.org\/{rel}","templated":true}]}}