{"id":83864,"date":"2025-11-10T10:54:23","date_gmt":"2025-11-10T14:54:23","guid":{"rendered":"https:\/\/pldaldia.com\/portada\/?p=83864"},"modified":"2025-11-10T10:54:36","modified_gmt":"2025-11-10T14:54:36","slug":"medidas-para-dinamizar-sector-construccion","status":"publish","type":"post","link":"https:\/\/pldaldia.com\/portada\/medidas-para-dinamizar-sector-construccion\/","title":{"rendered":"Medidas para dinamizar sector construcci\u00f3n"},"content":{"rendered":"<p>El economista Richard Medina, miembro del CP del PLD, considera necesario la adopci\u00f3n de medidas oportunas para reactivar el sector construcci\u00f3n.<\/p>\n<p>El economista Richard Medina, miembro del Comit\u00e9 Pol\u00edtico del Partido de la Liberaci\u00f3n Dominicana (PLD), ante el desplome de la construcci\u00f3n hace este d\u00eda una serie de propuestas para dinamizar el sector, de trascendencia vital para el crecimiento econ\u00f3mico.<\/p>\n<p>Medina explica que el sector construcci\u00f3n, presenta una contracci\u00f3n o ca\u00edda de 2%, que gravita en las se\u00f1ales claras de desaceleraci\u00f3n de la econom\u00eda, como se desprende de las estad\u00edsticas de la evaluaci\u00f3n mensual de la econom\u00eda,<\/p>\n<p>Sostiene que la contracci\u00f3n en el sector construcci\u00f3n se refleja en el movimiento de los insumos utilizados, como la producci\u00f3n de cemento, varillas, entre otros.<\/p>\n<p>\u201cLa menor producci\u00f3n y venta de materiales para la construcci\u00f3n es un indicador de que menos proyectos se est\u00e1n realizando, especialmente para viviendas\u201d, explica Richard Medina en su art\u00edculo publicado en el List\u00edn Diario y Vanguardia del Pueblo.<\/p>\n<p>Considera el tambi\u00e9n acad\u00e9mico que las altas tasas de inter\u00e9s y la baja ejecuci\u00f3n de obras p\u00fablicas, limitan el sector construcci\u00f3n.<\/p>\n<p>Basado en el diagn\u00f3stico realizado, Richard Medina sugiere: \u201cDise\u00f1ar e implementar pol\u00edticas p\u00fablicas que permitan reducir la tasa de inter\u00e9s de los nuevos pr\u00e9stamos para vivienda\u201d.<\/p>\n<p>\u201cEn segundo lugar, se recomienda ejecutar un programa agresivo de construcci\u00f3n de peque\u00f1as obras p\u00fablicas -como multiusos, parques, caminos vecinales- que est\u00e9n distribuidas en todo el pa\u00eds\u201d y \u201cEn tercer lugar, se deben reducir los tiempos de otorgamiento de permisos en instituciones y pago de cubicaciones de los ingenieros que est\u00e1n construyendo obras del Estado\u201d.<\/p>\n<p>Medina al concluir considera urgente que las autoridades adopten medidas oportunas para reactivar este sector clave del crecimiento nacional.<\/p>\n<p>La pasada semana, el Partido de la Liberaci\u00f3n Dominicana (PLD) , por intermedios de la Secretar\u00eda de Obras P\u00fablicas, en rueda de prensa, manifest\u00f3 preocupaci\u00f3n por el desplome del sector construcci\u00f3n, el que consider\u00f3 como uno de los pilares hist\u00f3ricos del desarrollo econ\u00f3mico y social en el pa\u00eds.<\/p>\n","protected":false},"excerpt":{"rendered":"<p>El economista Richard Medina, miembro del CP del PLD, considera necesario la adopci\u00f3n de medidas oportunas para reactivar el sector construcci\u00f3n. El economista Richard Medina, miembro del Comit\u00e9 Pol\u00edtico del Partido de la Liberaci\u00f3n Dominicana (PLD), ante el desplome de la construcci\u00f3n hace este d\u00eda una serie de propuestas para dinamizar el sector, de trascendencia [&hellip;]<\/p>\n","protected":false},"author":1,"featured_media":83865,"comment_status":"open","ping_status":"open","sticky":false,"template":"","format":"standard","meta":{"tdm_status":"","tdm_grid_status":"","footnotes":""},"categories":[9],"tags":[],"_links":{"self":[{"href":"https:\/\/pldaldia.com\/portada\/wp-json\/wp\/v2\/posts\/83864"}],"collection":[{"href":"https:\/\/pldaldia.com\/portada\/wp-json\/wp\/v2\/posts"}],"about":[{"href":"https:\/\/pldaldia.com\/portada\/wp-json\/wp\/v2\/types\/post"}],"author":[{"embeddable":true,"href":"https:\/\/pldaldia.com\/portada\/wp-json\/wp\/v2\/users\/1"}],"replies":[{"embeddable":true,"href":"https:\/\/pldaldia.com\/portada\/wp-json\/wp\/v2\/comments?post=83864"}],"version-history":[{"count":1,"href":"https:\/\/pldaldia.com\/portada\/wp-json\/wp\/v2\/posts\/83864\/revisions"}],"predecessor-version":[{"id":83866,"href":"https:\/\/pldaldia.com\/portada\/wp-json\/wp\/v2\/posts\/83864\/revisions\/83866"}],"wp:featuredmedia":[{"embeddable":true,"href":"https:\/\/pldaldia.com\/portada\/wp-json\/wp\/v2\/media\/83865"}],"wp:attachment":[{"href":"https:\/\/pldaldia.com\/portada\/wp-json\/wp\/v2\/media?parent=83864"}],"wp:term":[{"taxonomy":"category","embeddable":true,"href":"https:\/\/pldaldia.com\/portada\/wp-json\/wp\/v2\/categories?post=83864"},{"taxonomy":"post_tag","embeddable":true,"href":"https:\/\/pldaldia.com\/portada\/wp-json\/wp\/v2\/tags?post=83864"}],"curies":[{"name":"wp","href":"https:\/\/api.w.org\/{rel}","templated":true}]}}