{"id":83870,"date":"2025-11-11T05:15:30","date_gmt":"2025-11-11T09:15:30","guid":{"rendered":"https:\/\/pldaldia.com\/portada\/?p=83870"},"modified":"2025-11-11T05:15:30","modified_gmt":"2025-11-11T09:15:30","slug":"formacion-el-antidoto-contra-la-narcopolitica","status":"publish","type":"post","link":"https:\/\/pldaldia.com\/portada\/formacion-el-antidoto-contra-la-narcopolitica\/","title":{"rendered":"Formaci\u00f3n, el ant\u00eddoto contra la narcopol\u00edtica"},"content":{"rendered":"<p>Por: Luis Garc\u00eda | En el pa\u00eds comienza a generar alarma el sorprendente incremento de figuras pol\u00edticas oficialistas involucradas en actividades relacionadas con el crimen organizado, especialmente del narcotr\u00e1fico; situaci\u00f3n que impacta el coraz\u00f3n de nuestra democracia.<\/p>\n<p>La realidad es que no bien se cierra un caso vergonzoso, cuando aparece otro de alguna candidatura que supuestamente ha sido financiada con recursos econ\u00f3micos provenientes de actividades propias del crimen organizado. El m\u00e1s reciente esc\u00e1ndalo que se encuentra en la palestra radica en el concerniente a Ethian V\u00e1squez, esposo de la diputada del Partido Revolucionario Moderno (PRM) por La Romana, Jacqueline Fern\u00e1ndez, quien se encuentra acusado de narcotr\u00e1fico por los Estados Unidos.<\/p>\n<p>Aunque \u00e9sta inform\u00f3 que se encuentra separada de ese ciudadano, la situaci\u00f3n salpica la pol\u00edtica dominicana.<\/p>\n<p>El panorama golpea significativamente al Sistema de Partidos Pol\u00edticos, debilita la democracia y empa\u00f1a la imagen del pa\u00eds, uno de sus principales activos para la promoci\u00f3n de la industria tur\u00edstica, motor principal de la econom\u00eda.<\/p>\n<p>La problem\u00e1tica es multifactorial, pero uno de los elementos que acent\u00faan las debilidades en el Sistema de Partidos Pol\u00edticos consiste en el d\u00e9ficit en la formaci\u00f3n pol\u00edtica, situaci\u00f3n reiterada a pesar de que cuenta con financiamiento estatal. Un pol\u00edtico carente de formaci\u00f3n pol\u00edtica no incorpora los niveles de conciencia e identidad necesarias para vencer las tentaciones que amenazan el ejercicio de la buena pol\u00edtica.<\/p>\n<p>El aporte de la educaci\u00f3n en general al desarrollo de una determinada sociedad resulta m\u00faltiple y se manifiesta en las dimensiones \u00e9tica, social, econ\u00f3mica, cultural y pol\u00edtica. En ese sentido, se asume que la educaci\u00f3n representa un medio privilegiado, a fin de asegurar un dinamismo productivo con justicia, equidad social y el fortalecimiento de la democracia.<\/p>\n<p>De la teor\u00eda a la pr\u00e1ctica existe un enorme trecho, porque el consenso respecto a este impacto diversificado y estrat\u00e9gico contrasta con la dificultad de los pa\u00edses en v\u00eda de desarrollo para lograr saltos sustanciales en calidad, equidad y eficiencia educativa.<\/p>\n<p>Muchos dominicanos cifran su esperanza en la pol\u00edtica para el logro de ascenso econ\u00f3mico y social; por lo que se hace cada d\u00eda m\u00e1s necesaria la profesionalizaci\u00f3n de esa actividad a trav\u00e9s de una educaci\u00f3n especializada que contribuya a mantener esa aspiraci\u00f3n en quienes se dedican a ejercerla con regularidad. Sin formaci\u00f3n pol\u00edtica, se cae en el deseo de alcanzar dinero f\u00e1cil y r\u00e1pido, en una sociedad que ha visto encarecer la actividad pol\u00edtica.<\/p>\n<p>A pesar de que la educaci\u00f3n pol\u00edtica constituye un mandato legal, la mayor\u00eda de los partidos no cumple con el mismo. Los partidos, agrupaciones y movimientos pol\u00edticos reconocidos est\u00e1n en la obligaci\u00f3n de formar a las militancias no solo en las cuestiones partidarias, sino, adem\u00e1s, en lo relativo a la adecuada conducci\u00f3n del Estado.<\/p>\n<p>La educaci\u00f3n pol\u00edtica tiene una importancia tal que se ha especializado un financiamiento p\u00fablico, a fin de garantizar que la misma se lleve a cabo dentro de todos los partidos reconocidos.<\/p>\n<p>El referido financiamiento se obtiene por medio de la especializaci\u00f3n de un monto no menor al diez por ciento (10 %), de la suma recibida cada a\u00f1o por concepto del financiamiento p\u00fablico que corresponda a los partidos, lo que ser\u00e1 programado en su ejecuci\u00f3n por el \u00f3rgano partidario correspondiente y administrado por el centro partidario de formaci\u00f3n pol\u00edtica.<\/p>\n<p>Esta disposici\u00f3n no es obligatoria en a\u00f1os de elecciones generales para cualquiera de los niveles de elecci\u00f3n.<\/p>\n<p>Hay que hacer un esfuerzo colectivo para que los partidos, agrupaciones y movimientos pol\u00edticos impulsen una formaci\u00f3n que genere un nivel de conciencia e identidad que sirva de ant\u00eddoto a la penetraci\u00f3n del narcotr\u00e1fico en la actividad pol\u00edtica.<\/p>\n","protected":false},"excerpt":{"rendered":"<p>Por: Luis Garc\u00eda | En el pa\u00eds comienza a generar alarma el sorprendente incremento de figuras pol\u00edticas oficialistas involucradas en actividades relacionadas con el crimen organizado, especialmente del narcotr\u00e1fico; situaci\u00f3n que impacta el coraz\u00f3n de nuestra democracia. La realidad es que no bien se cierra un caso vergonzoso, cuando aparece otro de alguna candidatura que [&hellip;]<\/p>\n","protected":false},"author":1,"featured_media":60258,"comment_status":"open","ping_status":"open","sticky":false,"template":"","format":"standard","meta":{"tdm_status":"","tdm_grid_status":"","footnotes":""},"categories":[53],"tags":[],"_links":{"self":[{"href":"https:\/\/pldaldia.com\/portada\/wp-json\/wp\/v2\/posts\/83870"}],"collection":[{"href":"https:\/\/pldaldia.com\/portada\/wp-json\/wp\/v2\/posts"}],"about":[{"href":"https:\/\/pldaldia.com\/portada\/wp-json\/wp\/v2\/types\/post"}],"author":[{"embeddable":true,"href":"https:\/\/pldaldia.com\/portada\/wp-json\/wp\/v2\/users\/1"}],"replies":[{"embeddable":true,"href":"https:\/\/pldaldia.com\/portada\/wp-json\/wp\/v2\/comments?post=83870"}],"version-history":[{"count":1,"href":"https:\/\/pldaldia.com\/portada\/wp-json\/wp\/v2\/posts\/83870\/revisions"}],"predecessor-version":[{"id":83871,"href":"https:\/\/pldaldia.com\/portada\/wp-json\/wp\/v2\/posts\/83870\/revisions\/83871"}],"wp:featuredmedia":[{"embeddable":true,"href":"https:\/\/pldaldia.com\/portada\/wp-json\/wp\/v2\/media\/60258"}],"wp:attachment":[{"href":"https:\/\/pldaldia.com\/portada\/wp-json\/wp\/v2\/media?parent=83870"}],"wp:term":[{"taxonomy":"category","embeddable":true,"href":"https:\/\/pldaldia.com\/portada\/wp-json\/wp\/v2\/categories?post=83870"},{"taxonomy":"post_tag","embeddable":true,"href":"https:\/\/pldaldia.com\/portada\/wp-json\/wp\/v2\/tags?post=83870"}],"curies":[{"name":"wp","href":"https:\/\/api.w.org\/{rel}","templated":true}]}}