{"id":83875,"date":"2025-11-11T05:17:34","date_gmt":"2025-11-11T09:17:34","guid":{"rendered":"https:\/\/pldaldia.com\/portada\/?p=83875"},"modified":"2025-11-11T05:17:34","modified_gmt":"2025-11-11T09:17:34","slug":"onu-expresa-preocupacion-por-millones-de-desplazados-en-el-mundo","status":"publish","type":"post","link":"https:\/\/pldaldia.com\/portada\/onu-expresa-preocupacion-por-millones-de-desplazados-en-el-mundo\/","title":{"rendered":"ONU expresa preocupaci\u00f3n por millones de desplazados en el mundo"},"content":{"rendered":"<p>Al menos 117 millones de personas en el mundo fueron v\u00edctimas de desplazamientos forzados por la guerra, la violencia, la persecuci\u00f3n y la crisis clim\u00e1tica, advirti\u00f3 hoy la Organizaci\u00f3n de las Naciones Unidas (ONU).<\/p>\n<p>Seg\u00fan un informe de la Agencia de la ONU para los Refugiados (Acnur), esos fen\u00f3menos llevan al l\u00edmite a comunidades ya de por s\u00ed vulnerables y exigen un accionar inmediato de los actores internacionales.<\/p>\n<p>Durante la \u00faltima d\u00e9cada, los desastres relacionados con el clima provocaron 250 millones de desplazamientos internos, el equivalente a unos 70 mil diarios o dos cada tres segundos, apunt\u00f3 ese organismo.<\/p>\n<p>\u201cLas condiciones clim\u00e1ticas extremas ponen en mayor riesgo la seguridad de las personas; interrumpen el acceso a servicios esenciales, destruyen hogares y medios de subsistencia, y obligan a familias -muchas de las cuales ya escaparon de la violencia- a huir de nuevo\u201d, se\u00f1al\u00f3 el alto comisionado Filippo Grandi.<\/p>\n<p>Indic\u00f3 que se trata de seres humanos que ya sufrieron p\u00e9rdidas inmensas y deben enfrentar, adem\u00e1s, los efectos de la sequ\u00eda, las inundaciones y olas de calor sin recursos para recuperarse.<\/p>\n<p>La evidencia indica que, para 2050, los campamentos de refugiados m\u00e1s calurosos podr\u00edan sufrir casi 200 d\u00edas de estr\u00e9s t\u00e9rmico extremo al a\u00f1o, con graves riesgos para la salud y la supervivencia, alert\u00f3 la Acnur.<\/p>\n<p>\u201cEs probable que muchos de estos lugares se vuelvan inhabitables debido a la combinaci\u00f3n letal de calor extremo y alta humedad\u201d, agreg\u00f3.pld<\/p>\n","protected":false},"excerpt":{"rendered":"<p>Al menos 117 millones de personas en el mundo fueron v\u00edctimas de desplazamientos forzados por la guerra, la violencia, la persecuci\u00f3n y la crisis clim\u00e1tica, advirti\u00f3 hoy la Organizaci\u00f3n de las Naciones Unidas (ONU). Seg\u00fan un informe de la Agencia de la ONU para los Refugiados (Acnur), esos fen\u00f3menos llevan al l\u00edmite a comunidades ya [&hellip;]<\/p>\n","protected":false},"author":1,"featured_media":83876,"comment_status":"open","ping_status":"open","sticky":false,"template":"","format":"standard","meta":{"tdm_status":"","tdm_grid_status":"","footnotes":""},"categories":[51],"tags":[],"_links":{"self":[{"href":"https:\/\/pldaldia.com\/portada\/wp-json\/wp\/v2\/posts\/83875"}],"collection":[{"href":"https:\/\/pldaldia.com\/portada\/wp-json\/wp\/v2\/posts"}],"about":[{"href":"https:\/\/pldaldia.com\/portada\/wp-json\/wp\/v2\/types\/post"}],"author":[{"embeddable":true,"href":"https:\/\/pldaldia.com\/portada\/wp-json\/wp\/v2\/users\/1"}],"replies":[{"embeddable":true,"href":"https:\/\/pldaldia.com\/portada\/wp-json\/wp\/v2\/comments?post=83875"}],"version-history":[{"count":1,"href":"https:\/\/pldaldia.com\/portada\/wp-json\/wp\/v2\/posts\/83875\/revisions"}],"predecessor-version":[{"id":83877,"href":"https:\/\/pldaldia.com\/portada\/wp-json\/wp\/v2\/posts\/83875\/revisions\/83877"}],"wp:featuredmedia":[{"embeddable":true,"href":"https:\/\/pldaldia.com\/portada\/wp-json\/wp\/v2\/media\/83876"}],"wp:attachment":[{"href":"https:\/\/pldaldia.com\/portada\/wp-json\/wp\/v2\/media?parent=83875"}],"wp:term":[{"taxonomy":"category","embeddable":true,"href":"https:\/\/pldaldia.com\/portada\/wp-json\/wp\/v2\/categories?post=83875"},{"taxonomy":"post_tag","embeddable":true,"href":"https:\/\/pldaldia.com\/portada\/wp-json\/wp\/v2\/tags?post=83875"}],"curies":[{"name":"wp","href":"https:\/\/api.w.org\/{rel}","templated":true}]}}