{"id":84414,"date":"2025-12-02T17:28:22","date_gmt":"2025-12-02T21:28:22","guid":{"rendered":"https:\/\/pldaldia.com\/portada\/?p=84414"},"modified":"2025-12-03T09:54:15","modified_gmt":"2025-12-03T13:54:15","slug":"radhames-camacho-considera-que-la-intimacion-de-la-jce-al-partido-fp-debio-hacerse-antes-de-la-actividad-del-domingo-el-ex-presidente-de-la-camara-de-diputados-radhames-camacho-miembro-del-comite","status":"publish","type":"post","link":"https:\/\/pldaldia.com\/portada\/radhames-camacho-considera-que-la-intimacion-de-la-jce-al-partido-fp-debio-hacerse-antes-de-la-actividad-del-domingo-el-ex-presidente-de-la-camara-de-diputados-radhames-camacho-miembro-del-comite\/","title":{"rendered":"La profusa campa\u00f1a del gobierno en navidad ser\u00e1 en vano. El descontento es grande"},"content":{"rendered":"<p>Radham\u00e9s Camacho considera que la intimaci\u00f3n de la JCE al partido FP debi\u00f3 hacerse antes de la actividad del domingo.<\/p>\n<p>El ex presidente de la C\u00e1mara de Diputados, Radham\u00e9s Camacho, miembro del Comit\u00e9 Pol\u00edtico del Partido de la Liberaci\u00f3n Dominicana (PLD), consider\u00f3 que la intimaci\u00f3n hecha por la Junta Central Electoral a la Fuerza del Pueblo el pasado lunes, debi\u00f3 hacerse antes de la actividad del pasado domingo<\/p>\n<p>Entrevistado en el programa Panorama, Camacho dijo que en el pa\u00eds est\u00e1n dadas las condiciones para que haya una marcha de corte social todos los d\u00edas por diferentes razones.<\/p>\n<p>\u201cUna marcha contra el alto costo de los alimentos, una marcha por la inseguridad, en protesta por las condiciones de los hospitales, falta de medicamentos, falta de aulas, aqu\u00ed se ha perdido hasta la sonrisa del dominicano, la gente vive lleno de desesperanza\u201d, expres\u00f3 Camacho manifestando as\u00ed el gran descontento popular con la presente gesti\u00f3n de gobierno.<\/p>\n<p>El expresidente de la C\u00e1mara de Diputados manifest\u00f3 que el gobierno est\u00e1 llevando a cabo una intensa campa\u00f1a publicitaria de cara al per\u00edodo navide\u00f1o, advirtiendo que ser\u00e1 en vano porque no habr\u00e1 fuerza humana que borre la percepci\u00f3n negativa que tiene la gente de estas autoridades.<\/p>\n<p>Se\u00f1al\u00f3 que las condiciones de vida de la gente se han deteriorado en estos cinco a\u00f1os de gobierno perreme\u00edsta y el poder adquisitivo ha disminuido considerablemente.<\/p>\n<p>Cuestionado sobre la situaci\u00f3n actual de la educaci\u00f3n en el pa\u00eds, el tambi\u00e9n coordinador de la corriente magisterial Eugenio Mar\u00eda de Hostos, critic\u00f3 que este gobierno ha disminuido o eliminado la tanda extendida, convirti\u00e9ndola en dos tandas por la falta de aulas que dieron al traste con cientos de ni\u00f1os que se quedan sin cupo.<\/p>\n<p>El titular de la Secretar\u00eda de Asuntos Magisteriales del PLD refiri\u00f3 que el expresidente Danilo Medina construy\u00f3 26.414 aulas y dej\u00f3 en construcci\u00f3n 11,600 en 614 escuelas.<\/p>\n<p>\u201cEstoy dando las cifras que manejamos, y esas 26,000 escuelas llevaron a crear las condiciones para que aqu\u00ed los ni\u00f1os sean recibidos en una sola jornada, la jornada escolar extendida. Que no era un simple ejercicio matem\u00e1tico y de planta f\u00edsica, estaba asociada con una pol\u00edtica para que los ni\u00f1os desayunaran, almorzaran, con una merienda en la tarde en las escuelas\u201d, explic\u00f3.<\/p>\n<p>Agreg\u00f3 que, al mismo tiempo, para que los profesores y las profesoras pudi\u00e9ramos planificar, evaluar y compartir con ellos y vincularnos m\u00e1s. \u201c\u00a1Oh! \u00bfPero ahora qu\u00e9 sorpresa? No, no fueron 300.000, fueron 500.000, m\u00e1s de 500.000 que quedaron fuera. \u00bfPor qu\u00e9? Porque las 11.400 aulas que quedaron, entre un 80, 70, 50%, no se les dio continuidad\u201d.<\/p>\n","protected":false},"excerpt":{"rendered":"<p>Radham\u00e9s Camacho considera que la intimaci\u00f3n de la JCE al partido FP debi\u00f3 hacerse antes de la actividad del domingo. El ex presidente de la C\u00e1mara de Diputados, Radham\u00e9s Camacho, miembro del Comit\u00e9 Pol\u00edtico del Partido de la Liberaci\u00f3n Dominicana (PLD), consider\u00f3 que la intimaci\u00f3n hecha por la Junta Central Electoral a la Fuerza del [&hellip;]<\/p>\n","protected":false},"author":1,"featured_media":84415,"comment_status":"open","ping_status":"open","sticky":false,"template":"","format":"standard","meta":{"tdm_status":"","tdm_grid_status":"","footnotes":""},"categories":[9],"tags":[],"_links":{"self":[{"href":"https:\/\/pldaldia.com\/portada\/wp-json\/wp\/v2\/posts\/84414"}],"collection":[{"href":"https:\/\/pldaldia.com\/portada\/wp-json\/wp\/v2\/posts"}],"about":[{"href":"https:\/\/pldaldia.com\/portada\/wp-json\/wp\/v2\/types\/post"}],"author":[{"embeddable":true,"href":"https:\/\/pldaldia.com\/portada\/wp-json\/wp\/v2\/users\/1"}],"replies":[{"embeddable":true,"href":"https:\/\/pldaldia.com\/portada\/wp-json\/wp\/v2\/comments?post=84414"}],"version-history":[{"count":2,"href":"https:\/\/pldaldia.com\/portada\/wp-json\/wp\/v2\/posts\/84414\/revisions"}],"predecessor-version":[{"id":84428,"href":"https:\/\/pldaldia.com\/portada\/wp-json\/wp\/v2\/posts\/84414\/revisions\/84428"}],"wp:featuredmedia":[{"embeddable":true,"href":"https:\/\/pldaldia.com\/portada\/wp-json\/wp\/v2\/media\/84415"}],"wp:attachment":[{"href":"https:\/\/pldaldia.com\/portada\/wp-json\/wp\/v2\/media?parent=84414"}],"wp:term":[{"taxonomy":"category","embeddable":true,"href":"https:\/\/pldaldia.com\/portada\/wp-json\/wp\/v2\/categories?post=84414"},{"taxonomy":"post_tag","embeddable":true,"href":"https:\/\/pldaldia.com\/portada\/wp-json\/wp\/v2\/tags?post=84414"}],"curies":[{"name":"wp","href":"https:\/\/api.w.org\/{rel}","templated":true}]}}