{"id":84420,"date":"2025-12-02T23:33:32","date_gmt":"2025-12-03T03:33:32","guid":{"rendered":"https:\/\/pldaldia.com\/portada\/?p=84420"},"modified":"2025-12-02T23:33:32","modified_gmt":"2025-12-03T03:33:32","slug":"factores-que-afectan-la-competitividad-2","status":"publish","type":"post","link":"https:\/\/pldaldia.com\/portada\/factores-que-afectan-la-competitividad-2\/","title":{"rendered":"Factores que afectan la competitividad"},"content":{"rendered":"<p>Los factores que m\u00e1s afectaron la competitividad de la industria entre julio-septiembre de este a\u00f1o fueron el costo de las materias primas, el tipo de cambio y el bajo nivel de actividad econ\u00f3mica, que ocuparon los tres primeros lugares en el ranking que elabora la Asociaci\u00f3n de Industrias de la Rep\u00fablica Dominicana (AIRD), en base a la Encuesta de Coyuntura Industrial.<\/p>\n<p>En una nota, el gremio de los industriales destaca el fuerte repunte del tipo de cambio, que pas\u00f3 del octavo lugar en el trimestre anterior al segundo lugar en este trimestre, y el descenso de la carga tributaria, que baj\u00f3 de la tercera a la sexta posici\u00f3n.<\/p>\n","protected":false},"excerpt":{"rendered":"<p>Los factores que m\u00e1s afectaron la competitividad de la industria entre julio-septiembre de este a\u00f1o fueron el costo de las materias primas, el tipo de cambio y el bajo nivel de actividad econ\u00f3mica, que ocuparon los tres primeros lugares en el ranking que elabora la Asociaci\u00f3n de Industrias de la Rep\u00fablica Dominicana (AIRD), en base [&hellip;]<\/p>\n","protected":false},"author":1,"featured_media":84421,"comment_status":"open","ping_status":"open","sticky":false,"template":"","format":"standard","meta":{"tdm_status":"","tdm_grid_status":"","footnotes":""},"categories":[50],"tags":[],"_links":{"self":[{"href":"https:\/\/pldaldia.com\/portada\/wp-json\/wp\/v2\/posts\/84420"}],"collection":[{"href":"https:\/\/pldaldia.com\/portada\/wp-json\/wp\/v2\/posts"}],"about":[{"href":"https:\/\/pldaldia.com\/portada\/wp-json\/wp\/v2\/types\/post"}],"author":[{"embeddable":true,"href":"https:\/\/pldaldia.com\/portada\/wp-json\/wp\/v2\/users\/1"}],"replies":[{"embeddable":true,"href":"https:\/\/pldaldia.com\/portada\/wp-json\/wp\/v2\/comments?post=84420"}],"version-history":[{"count":1,"href":"https:\/\/pldaldia.com\/portada\/wp-json\/wp\/v2\/posts\/84420\/revisions"}],"predecessor-version":[{"id":84423,"href":"https:\/\/pldaldia.com\/portada\/wp-json\/wp\/v2\/posts\/84420\/revisions\/84423"}],"wp:featuredmedia":[{"embeddable":true,"href":"https:\/\/pldaldia.com\/portada\/wp-json\/wp\/v2\/media\/84421"}],"wp:attachment":[{"href":"https:\/\/pldaldia.com\/portada\/wp-json\/wp\/v2\/media?parent=84420"}],"wp:term":[{"taxonomy":"category","embeddable":true,"href":"https:\/\/pldaldia.com\/portada\/wp-json\/wp\/v2\/categories?post=84420"},{"taxonomy":"post_tag","embeddable":true,"href":"https:\/\/pldaldia.com\/portada\/wp-json\/wp\/v2\/tags?post=84420"}],"curies":[{"name":"wp","href":"https:\/\/api.w.org\/{rel}","templated":true}]}}