{"id":84436,"date":"2025-12-03T15:22:44","date_gmt":"2025-12-03T19:22:44","guid":{"rendered":"https:\/\/pldaldia.com\/portada\/?p=84436"},"modified":"2025-12-03T15:22:44","modified_gmt":"2025-12-03T19:22:44","slug":"prohibicion-constitucional-es-una-injusticia","status":"publish","type":"post","link":"https:\/\/pldaldia.com\/portada\/prohibicion-constitucional-es-una-injusticia\/","title":{"rendered":"Prohibici\u00f3n constitucional es una injusticia"},"content":{"rendered":"<p>Radham\u00e9s Camacho: \u201cLa Constituci\u00f3n no debe estigmatizar y agraviar a un ciudadano, como ha sucedido con Danilo Medina\u201d<\/p>\n<p>El ex presidente de la C\u00e1mara de Diputados, Radham\u00e9s Camacho, ve con simpat\u00eda la idea de rehabilitar electoralmente al expresidente Danilo Medina, afirmando que la prohibici\u00f3n constitucional es una injusticia.<\/p>\n<p>\u201cEso es una injusticia. Ese p\u00e1rrafo del texto constitucional es una ignominia\u201d, dijo Camacho respondiendo a los periodistas que le abordaron en la sede nacional del Partido de la Liberaci\u00f3n Dominicana, del cual Camacho es miembro de su Comit\u00e9 Pol\u00edtico.<\/p>\n<p>Considera que una Constituci\u00f3n no debe estigmatizar y sancionar a un ciudadano, como ha sucedido en el caso del ex Presidente, Danilo Medina.<\/p>\n<p>Resalt\u00f3 la trayectoria del presidente del PLD, su hoja de servicio a la sociedad y que es de la escuela de servidores preparados por el Profesor Juan Bosch en el Partido de la Liberaci\u00f3n Dominicana.<\/p>\n<p>Destac\u00f3 de la trayectoria de Danilo Medina, que \u00e9l se prepar\u00f3 para ocupar la presidencia de la Rep\u00fablica y por ello, el pueblo resalta sus logros hasta el punto de que se reafirma que en su gobierno se viv\u00eda mejor.<\/p>\n<p>\u201cEs que eso es una ignominia\u00bb, reitero Radham\u00e9s Camacho, identific\u00e1ndose de que ese art\u00edculo transitorio en la Carta Magna sea eliminado.<\/p>\n<p>Explic\u00f3 que tiene bien claro que Danilo Medina no canalizar\u00eda esa petici\u00f3n, destacando que los esfuerzos y el enfoque del ex Presidente no est\u00e1n en una candidatura presidencial propia.<\/p>\n<p>\u00abDanilo Medina es un Pelede\u00edsta laborioso y como disc\u00edpulo del Profesor Juan Bosch, est\u00e1 entregado a impulsar el desarrollo de liderazgo en el Partido\u201d, apunt\u00f3.<\/p>\n<p>Camacho, en su entrevista se defini\u00f3 como un permanente defensor de que se levante el impedimento al presidente del PLD: \u00absi me preguntan a mi yo levanto las dos manos\u201d expres\u00f3.<\/p>\n","protected":false},"excerpt":{"rendered":"<p>Radham\u00e9s Camacho: \u201cLa Constituci\u00f3n no debe estigmatizar y agraviar a un ciudadano, como ha sucedido con Danilo Medina\u201d El ex presidente de la C\u00e1mara de Diputados, Radham\u00e9s Camacho, ve con simpat\u00eda la idea de rehabilitar electoralmente al expresidente Danilo Medina, afirmando que la prohibici\u00f3n constitucional es una injusticia. \u201cEso es una injusticia. Ese p\u00e1rrafo del [&hellip;]<\/p>\n","protected":false},"author":1,"featured_media":84437,"comment_status":"open","ping_status":"open","sticky":false,"template":"","format":"standard","meta":{"tdm_status":"","tdm_grid_status":"","footnotes":""},"categories":[9],"tags":[],"_links":{"self":[{"href":"https:\/\/pldaldia.com\/portada\/wp-json\/wp\/v2\/posts\/84436"}],"collection":[{"href":"https:\/\/pldaldia.com\/portada\/wp-json\/wp\/v2\/posts"}],"about":[{"href":"https:\/\/pldaldia.com\/portada\/wp-json\/wp\/v2\/types\/post"}],"author":[{"embeddable":true,"href":"https:\/\/pldaldia.com\/portada\/wp-json\/wp\/v2\/users\/1"}],"replies":[{"embeddable":true,"href":"https:\/\/pldaldia.com\/portada\/wp-json\/wp\/v2\/comments?post=84436"}],"version-history":[{"count":1,"href":"https:\/\/pldaldia.com\/portada\/wp-json\/wp\/v2\/posts\/84436\/revisions"}],"predecessor-version":[{"id":84438,"href":"https:\/\/pldaldia.com\/portada\/wp-json\/wp\/v2\/posts\/84436\/revisions\/84438"}],"wp:featuredmedia":[{"embeddable":true,"href":"https:\/\/pldaldia.com\/portada\/wp-json\/wp\/v2\/media\/84437"}],"wp:attachment":[{"href":"https:\/\/pldaldia.com\/portada\/wp-json\/wp\/v2\/media?parent=84436"}],"wp:term":[{"taxonomy":"category","embeddable":true,"href":"https:\/\/pldaldia.com\/portada\/wp-json\/wp\/v2\/categories?post=84436"},{"taxonomy":"post_tag","embeddable":true,"href":"https:\/\/pldaldia.com\/portada\/wp-json\/wp\/v2\/tags?post=84436"}],"curies":[{"name":"wp","href":"https:\/\/api.w.org\/{rel}","templated":true}]}}