{"id":84442,"date":"2025-12-03T18:42:09","date_gmt":"2025-12-03T22:42:09","guid":{"rendered":"https:\/\/pldaldia.com\/portada\/?p=84442"},"modified":"2025-12-03T18:42:09","modified_gmt":"2025-12-03T22:42:09","slug":"actividad-navidena-del-pld","status":"publish","type":"post","link":"https:\/\/pldaldia.com\/portada\/actividad-navidena-del-pld\/","title":{"rendered":"Actividad navide\u00f1a del PLD"},"content":{"rendered":"<p>El PLD exhibe desde este jueves al p\u00fablico la decoraci\u00f3n de luces de su sede nacional, con motivo de las navidades<\/p>\n<p>El Partido de la Liberaci\u00f3n Dominicana (PLD) exhibe al p\u00fablico desde este jueves, la decoraci\u00f3n de luces de su sede nacional, con motivo de las navidades en un acto de apertura, pautado para la 6:00 de la tarde en la Casa Nacional Reinaldo Pared P\u00e9rez.<\/p>\n<p>Es una actividad tradicional, que congrega a los servidores de la Casa Nacional, la Oficina Presidencial y los vecinos de Gascue, celebrando la hermosa temporada navide\u00f1a.<\/p>\n<p>Los troncos de los \u00e1rboles de los jardines, las columnas de las edificaciones, la valla perimetral est\u00e1n iluminadas con cientos de luminarias de los colores de la navidad y los del PLD, morado y amarillo.<\/p>\n<p>En la decoraci\u00f3n, como el a\u00f1o anterior,  se incluyen   en los jardines  estrellas de color amarillo identific\u00e1ndose as\u00ed con el logotipo de la organizaci\u00f3n, que tiene el morado como color de fondo.<\/p>\n<p>La decoraci\u00f3n y dise\u00f1o de la Casa Nacional y sus jardines fue hecha por el propio personal de la sede, quienes utilizaron elementos propios de la temporada como luces multicolores y arbolitos colocados en las oficinas internas.<\/p>\n<p>El acto se desarrollar\u00e1 con la difusi\u00f3n de villancicos, merengues navide\u00f1os, la animaci\u00f3n de un conjunto t\u00edpico y palabras de una representaci\u00f3n de la direcci\u00f3n partidaria.<\/p>\n","protected":false},"excerpt":{"rendered":"<p>El PLD exhibe desde este jueves al p\u00fablico la decoraci\u00f3n de luces de su sede nacional, con motivo de las navidades El Partido de la Liberaci\u00f3n Dominicana (PLD) exhibe al p\u00fablico desde este jueves, la decoraci\u00f3n de luces de su sede nacional, con motivo de las navidades en un acto de apertura, pautado para la [&hellip;]<\/p>\n","protected":false},"author":1,"featured_media":84443,"comment_status":"open","ping_status":"open","sticky":false,"template":"","format":"standard","meta":{"tdm_status":"","tdm_grid_status":"","footnotes":""},"categories":[9],"tags":[],"_links":{"self":[{"href":"https:\/\/pldaldia.com\/portada\/wp-json\/wp\/v2\/posts\/84442"}],"collection":[{"href":"https:\/\/pldaldia.com\/portada\/wp-json\/wp\/v2\/posts"}],"about":[{"href":"https:\/\/pldaldia.com\/portada\/wp-json\/wp\/v2\/types\/post"}],"author":[{"embeddable":true,"href":"https:\/\/pldaldia.com\/portada\/wp-json\/wp\/v2\/users\/1"}],"replies":[{"embeddable":true,"href":"https:\/\/pldaldia.com\/portada\/wp-json\/wp\/v2\/comments?post=84442"}],"version-history":[{"count":1,"href":"https:\/\/pldaldia.com\/portada\/wp-json\/wp\/v2\/posts\/84442\/revisions"}],"predecessor-version":[{"id":84444,"href":"https:\/\/pldaldia.com\/portada\/wp-json\/wp\/v2\/posts\/84442\/revisions\/84444"}],"wp:featuredmedia":[{"embeddable":true,"href":"https:\/\/pldaldia.com\/portada\/wp-json\/wp\/v2\/media\/84443"}],"wp:attachment":[{"href":"https:\/\/pldaldia.com\/portada\/wp-json\/wp\/v2\/media?parent=84442"}],"wp:term":[{"taxonomy":"category","embeddable":true,"href":"https:\/\/pldaldia.com\/portada\/wp-json\/wp\/v2\/categories?post=84442"},{"taxonomy":"post_tag","embeddable":true,"href":"https:\/\/pldaldia.com\/portada\/wp-json\/wp\/v2\/tags?post=84442"}],"curies":[{"name":"wp","href":"https:\/\/api.w.org\/{rel}","templated":true}]}}