{"id":84445,"date":"2025-12-03T18:48:15","date_gmt":"2025-12-03T22:48:15","guid":{"rendered":"https:\/\/pldaldia.com\/portada\/?p=84445"},"modified":"2025-12-03T18:55:27","modified_gmt":"2025-12-03T22:55:27","slug":"el-pld-presente-en-el-dia-internacional-de-las-personas-con-discapacidad","status":"publish","type":"post","link":"https:\/\/pldaldia.com\/portada\/el-pld-presente-en-el-dia-internacional-de-las-personas-con-discapacidad\/","title":{"rendered":"El PLD presente en el D\u00eda Internacional de las Personas con Discapacidad"},"content":{"rendered":"<p>PLD llama a enfrentar las barreras estructurales que a\u00fan excluyen a las personas con discapacidad<\/p>\n<p>En el D\u00eda Internacional de las personas con Discapacidad, el Partido de la Liberaci\u00f3n Dominicana (PLD), celebr\u00f3 un acto organizado por la Secretar\u00eda de Participaci\u00f3n e Inclusi\u00f3n.<\/p>\n<p><a href=\"http:\/\/vanguardiadelpueblo.do\/wp-content\/uploads\/2025\/12\/WhatsApp-Image-2025-12-03-at-6.44.16-PM-1.jpeg\"><img decoding=\"async\" loading=\"lazy\" class=\"alignright size-medium wp-image-231902\" src=\"http:\/\/vanguardiadelpueblo.do\/wp-content\/uploads\/2025\/12\/WhatsApp-Image-2025-12-03-at-6.44.16-PM-1-480x299.jpeg\" alt=\"\" width=\"480\" height=\"299\" \/><\/a>En la actividad se resalt\u00f3 que, pese a los avances legales y las iniciativas impulsadas en a\u00f1os anteriores, las personas con discapacidad contin\u00faan enfrentando barreras significativas para su plena inclusi\u00f3n social, institucional y laboral.<\/p>\n<p>Johnny Pujols, secretario general del PLD, en unas palabras que pronunci\u00f3 se\u00f1al\u00f3 que el prop\u00f3sito central del encuentro era reconocer a quienes han luchado por derribar esas barreras, recordando que a\u00fan queda un amplio camino por recorrer para garantizar igualdad real.<\/p>\n<p>Reafirm\u00f3 que la sociedad dominicana debe redoblar esfuerzos para promover la participaci\u00f3n plena de todas las personas y evitar retrocesos en materia de inclusi\u00f3n.<\/p>\n<p><a href=\"http:\/\/vanguardiadelpueblo.do\/wp-content\/uploads\/2025\/12\/WhatsApp-Image-2025-12-03-at-6.44.16-PM.jpeg\"><img decoding=\"async\" loading=\"lazy\" class=\"size-medium wp-image-231901 alignleft\" src=\"http:\/\/vanguardiadelpueblo.do\/wp-content\/uploads\/2025\/12\/WhatsApp-Image-2025-12-03-at-6.44.16-PM-480x283.jpeg\" alt=\"\" width=\"480\" height=\"283\" \/><\/a>De su lado, el titular de la secretar\u00eda de Participaci\u00f3n e Inclusi\u00f3n, Junior Fructuoso, destac\u00f3 que la creaci\u00f3n de la Ley General de Discapacidad impulsada por el presidente Danilo Medina represent\u00f3 un avance importante, pero insisti\u00f3 en que la verdadera deuda sigue siendo la aplicaci\u00f3n efectiva de esa legislaci\u00f3n, especialmente en lo relativo a garantizar accesibilidad, servicios dignos y oportunidades laborales. Subray\u00f3 que, aunque existen marcos legales y discursos oficiales, persiste la necesidad de transformar las instituciones y eliminar pr\u00e1cticas que todav\u00eda excluyen o limitan a este colectivo.<\/p>\n<p>El acto incluy\u00f3 la entrega de reconocimientos a personas que han trabajado desde diferentes espacios para visibilizar esta problem\u00e1tica y exigir cambios reales.<\/p>\n<p>Tambi\u00e9n participaron Yenny De Los Santos, Elbe Delia Castillo, Josefina Alc\u00e1ntara y Magino Corpor\u00e1n Lorenzo, quienes coincidieron en que la inclusi\u00f3n debe ser un compromiso permanente y no un tema reservado para una fecha conmemorativa.<\/p>\n<p><a href=\"http:\/\/vanguardiadelpueblo.do\/wp-content\/uploads\/2025\/12\/WhatsApp-Image-2025-12-03-at-6.44.15-PM.jpeg\"><img decoding=\"async\" loading=\"lazy\" class=\"alignright size-medium wp-image-231900\" src=\"http:\/\/vanguardiadelpueblo.do\/wp-content\/uploads\/2025\/12\/WhatsApp-Image-2025-12-03-at-6.44.15-PM-480x295.jpeg\" alt=\"\" width=\"480\" height=\"295\" \/><\/a>En las palabras de bienvenida, Yeny De Los Santos subray\u00f3 la importancia de mantener la atenci\u00f3n sobre estas limitaciones estructurales que todav\u00eda excluyen a miles de ciudadanos.<\/p>\n<p>La actividad reafirm\u00f3 que el principal desaf\u00edo sigue siendo romper con las barreras f\u00edsicas, sociales y culturales que mantienen a las personas con discapacidad en condiciones de desigualdad, y que el pa\u00eds debe avanzar hacia pol\u00edticas m\u00e1s firmes, coherentes y sostenibles para garantizar derechos y oportunidades en igualdad de condiciones.<\/p>\n","protected":false},"excerpt":{"rendered":"<p>PLD llama a enfrentar las barreras estructurales que a\u00fan excluyen a las personas con discapacidad En el D\u00eda Internacional de las personas con Discapacidad, el Partido de la Liberaci\u00f3n Dominicana (PLD), celebr\u00f3 un acto organizado por la Secretar\u00eda de Participaci\u00f3n e Inclusi\u00f3n. En la actividad se resalt\u00f3 que, pese a los avances legales y las [&hellip;]<\/p>\n","protected":false},"author":1,"featured_media":84446,"comment_status":"open","ping_status":"open","sticky":false,"template":"","format":"standard","meta":{"tdm_status":"","tdm_grid_status":"","footnotes":""},"categories":[9],"tags":[],"_links":{"self":[{"href":"https:\/\/pldaldia.com\/portada\/wp-json\/wp\/v2\/posts\/84445"}],"collection":[{"href":"https:\/\/pldaldia.com\/portada\/wp-json\/wp\/v2\/posts"}],"about":[{"href":"https:\/\/pldaldia.com\/portada\/wp-json\/wp\/v2\/types\/post"}],"author":[{"embeddable":true,"href":"https:\/\/pldaldia.com\/portada\/wp-json\/wp\/v2\/users\/1"}],"replies":[{"embeddable":true,"href":"https:\/\/pldaldia.com\/portada\/wp-json\/wp\/v2\/comments?post=84445"}],"version-history":[{"count":1,"href":"https:\/\/pldaldia.com\/portada\/wp-json\/wp\/v2\/posts\/84445\/revisions"}],"predecessor-version":[{"id":84448,"href":"https:\/\/pldaldia.com\/portada\/wp-json\/wp\/v2\/posts\/84445\/revisions\/84448"}],"wp:featuredmedia":[{"embeddable":true,"href":"https:\/\/pldaldia.com\/portada\/wp-json\/wp\/v2\/media\/84446"}],"wp:attachment":[{"href":"https:\/\/pldaldia.com\/portada\/wp-json\/wp\/v2\/media?parent=84445"}],"wp:term":[{"taxonomy":"category","embeddable":true,"href":"https:\/\/pldaldia.com\/portada\/wp-json\/wp\/v2\/categories?post=84445"},{"taxonomy":"post_tag","embeddable":true,"href":"https:\/\/pldaldia.com\/portada\/wp-json\/wp\/v2\/tags?post=84445"}],"curies":[{"name":"wp","href":"https:\/\/api.w.org\/{rel}","templated":true}]}}