{"id":84452,"date":"2025-12-04T00:16:18","date_gmt":"2025-12-04T04:16:18","guid":{"rendered":"https:\/\/pldaldia.com\/portada\/?p=84452"},"modified":"2025-12-04T00:16:18","modified_gmt":"2025-12-04T04:16:18","slug":"trump-suspendera-la-migracion-desde-el-tercer-mundo","status":"publish","type":"post","link":"https:\/\/pldaldia.com\/portada\/trump-suspendera-la-migracion-desde-el-tercer-mundo\/","title":{"rendered":"Trump suspender\u00e1 la migraci\u00f3n desde el \u00abtercer mundo\u00bb"},"content":{"rendered":"<p>El presidente de Estados Unidos, Donald Trump, dijo el jueves 27 de noviembre, que detendr\u00eda la inmigraci\u00f3n procedente de los que llam\u00f3 \u00abpa\u00edses del tercer mundo\u00bb, al d\u00eda siguiente de que un afgano disparara presuntamente contra dos guardias nacionales en Washington D. C., una de los cuales muri\u00f3.<\/p>\n<p>\u00abSuspender\u00e9 permanentemente la migraci\u00f3n desde todos los pa\u00edses del tercer mundo para permitir que el sistema estadounidense se recupere por completo\u00bb, escribi\u00f3 el magnate republicano en una publicaci\u00f3n nocturna en su plataforma de redes sociales Truth, usando un t\u00e9rmino obsoleto y ofensivo para las naciones econ\u00f3micamente en desarrollo.<\/p>\n<p>Noti resumen internacional<\/p>\n<p>El nuevo juicio por la muerte de Diego Armando Maradona comenzar\u00e1 el 17 de marzo de 2026, definieron los jueces Alberto Gaig, Alberto Ortolani y Pablo Rol\u00f3n, responsables de juzgar la causa en los tribunales de San Isidro.<\/p>\n<p>\u2026\u2026\u2026\u2026\u2026<\/p>\n<p>Brasil entrar\u00e1 en 2026 enfrentando un a\u00f1o electoral bajo presi\u00f3n tecnol\u00f3gica social e institucional, con amenazas internas y externas que podr\u00edan desestabilizar desde hoy la confianza ciudadana y la integridad de las elecciones presidenciales.<\/p>\n<p>\u2026\u2026\u2026\u2026..<\/p>\n<p>Los candidatos presidenciales de Chile, Jeannette Jara y Jos\u00e9 Antonio Kast, participar\u00e1n hoy en un pen\u00faltimo debate, que tendr\u00e1 como tel\u00f3n de fondo la situaci\u00f3n migratoria en el norte y los recientes acontecimientos regionales.<\/p>\n<p>\u2026\u2026\u2026\u2026<\/p>\n<p>El presidente franc\u00e9s, Emmanuel Macron, viaj\u00f3 Hoy a China para su cuarta visita de Estado, la cual el El\u00edseo enmarc\u00f3 en objetivos como estrechar los v\u00ednculos bilaterales y abordar el fin de la guerra en Ucrania.<\/p>\n","protected":false},"excerpt":{"rendered":"<p>El presidente de Estados Unidos, Donald Trump, dijo el jueves 27 de noviembre, que detendr\u00eda la inmigraci\u00f3n procedente de los que llam\u00f3 \u00abpa\u00edses del tercer mundo\u00bb, al d\u00eda siguiente de que un afgano disparara presuntamente contra dos guardias nacionales en Washington D. C., una de los cuales muri\u00f3. \u00abSuspender\u00e9 permanentemente la migraci\u00f3n desde todos los [&hellip;]<\/p>\n","protected":false},"author":1,"featured_media":84453,"comment_status":"open","ping_status":"open","sticky":false,"template":"","format":"standard","meta":{"tdm_status":"","tdm_grid_status":"","footnotes":""},"categories":[51],"tags":[],"_links":{"self":[{"href":"https:\/\/pldaldia.com\/portada\/wp-json\/wp\/v2\/posts\/84452"}],"collection":[{"href":"https:\/\/pldaldia.com\/portada\/wp-json\/wp\/v2\/posts"}],"about":[{"href":"https:\/\/pldaldia.com\/portada\/wp-json\/wp\/v2\/types\/post"}],"author":[{"embeddable":true,"href":"https:\/\/pldaldia.com\/portada\/wp-json\/wp\/v2\/users\/1"}],"replies":[{"embeddable":true,"href":"https:\/\/pldaldia.com\/portada\/wp-json\/wp\/v2\/comments?post=84452"}],"version-history":[{"count":1,"href":"https:\/\/pldaldia.com\/portada\/wp-json\/wp\/v2\/posts\/84452\/revisions"}],"predecessor-version":[{"id":84455,"href":"https:\/\/pldaldia.com\/portada\/wp-json\/wp\/v2\/posts\/84452\/revisions\/84455"}],"wp:featuredmedia":[{"embeddable":true,"href":"https:\/\/pldaldia.com\/portada\/wp-json\/wp\/v2\/media\/84453"}],"wp:attachment":[{"href":"https:\/\/pldaldia.com\/portada\/wp-json\/wp\/v2\/media?parent=84452"}],"wp:term":[{"taxonomy":"category","embeddable":true,"href":"https:\/\/pldaldia.com\/portada\/wp-json\/wp\/v2\/categories?post=84452"},{"taxonomy":"post_tag","embeddable":true,"href":"https:\/\/pldaldia.com\/portada\/wp-json\/wp\/v2\/tags?post=84452"}],"curies":[{"name":"wp","href":"https:\/\/api.w.org\/{rel}","templated":true}]}}