{"id":84456,"date":"2025-12-04T00:16:49","date_gmt":"2025-12-04T04:16:49","guid":{"rendered":"https:\/\/pldaldia.com\/portada\/?p=84456"},"modified":"2025-12-04T00:16:49","modified_gmt":"2025-12-04T04:16:49","slug":"dia-internacional-de-los-bancos-4","status":"publish","type":"post","link":"https:\/\/pldaldia.com\/portada\/dia-internacional-de-los-bancos-4\/","title":{"rendered":"D\u00eda Internacional de los Bancos"},"content":{"rendered":"<p>El D\u00eda Internacional de los Bancos se celebra el 4 de diciembre, una fecha creada en el a\u00f1o 2019, gracias a un decreto oficial establecido por la ONU.<\/p>\n","protected":false},"excerpt":{"rendered":"<p>El D\u00eda Internacional de los Bancos se celebra el 4 de diciembre, una fecha creada en el a\u00f1o 2019, gracias a un decreto oficial establecido por la ONU.<\/p>\n","protected":false},"author":1,"featured_media":84454,"comment_status":"open","ping_status":"open","sticky":false,"template":"","format":"standard","meta":{"tdm_status":"","tdm_grid_status":"","footnotes":""},"categories":[57],"tags":[],"_links":{"self":[{"href":"https:\/\/pldaldia.com\/portada\/wp-json\/wp\/v2\/posts\/84456"}],"collection":[{"href":"https:\/\/pldaldia.com\/portada\/wp-json\/wp\/v2\/posts"}],"about":[{"href":"https:\/\/pldaldia.com\/portada\/wp-json\/wp\/v2\/types\/post"}],"author":[{"embeddable":true,"href":"https:\/\/pldaldia.com\/portada\/wp-json\/wp\/v2\/users\/1"}],"replies":[{"embeddable":true,"href":"https:\/\/pldaldia.com\/portada\/wp-json\/wp\/v2\/comments?post=84456"}],"version-history":[{"count":1,"href":"https:\/\/pldaldia.com\/portada\/wp-json\/wp\/v2\/posts\/84456\/revisions"}],"predecessor-version":[{"id":84457,"href":"https:\/\/pldaldia.com\/portada\/wp-json\/wp\/v2\/posts\/84456\/revisions\/84457"}],"wp:featuredmedia":[{"embeddable":true,"href":"https:\/\/pldaldia.com\/portada\/wp-json\/wp\/v2\/media\/84454"}],"wp:attachment":[{"href":"https:\/\/pldaldia.com\/portada\/wp-json\/wp\/v2\/media?parent=84456"}],"wp:term":[{"taxonomy":"category","embeddable":true,"href":"https:\/\/pldaldia.com\/portada\/wp-json\/wp\/v2\/categories?post=84456"},{"taxonomy":"post_tag","embeddable":true,"href":"https:\/\/pldaldia.com\/portada\/wp-json\/wp\/v2\/tags?post=84456"}],"curies":[{"name":"wp","href":"https:\/\/api.w.org\/{rel}","templated":true}]}}