{"id":84459,"date":"2025-12-04T12:31:05","date_gmt":"2025-12-04T16:31:05","guid":{"rendered":"https:\/\/pldaldia.com\/portada\/?p=84459"},"modified":"2025-12-04T12:31:05","modified_gmt":"2025-12-04T16:31:05","slug":"abogan-por-reformas-que-no-debiliten-derechos","status":"publish","type":"post","link":"https:\/\/pldaldia.com\/portada\/abogan-por-reformas-que-no-debiliten-derechos\/","title":{"rendered":"Abogan por reformas que no debiliten derechos"},"content":{"rendered":"<p>Reformas al CPP aprobadas por la C\u00e1mara de Diputados no solucionan las dificultades procesales reales opinan Francisco Dom\u00ednguez Brito y Jos\u00e9 Dant\u00e9s D\u00edaz<\/p>\n<p>Jos\u00e9 Dant\u00e9s D\u00edaz y Francisco Dom\u00ednguez Brito cuestionaron la reforma al C\u00f3digo Procesal Penal (CPP) aprobada por la C\u00e1mara de Diputados, argumentando, por separado, que lo aprobado no soluciona las dificultades procesales reales.<\/p>\n<p>\u201cEl pa\u00eds necesita una reforma al C\u00f3digo Procesal Penal (CPP), pero no una que debilite derechos ni termine legalizando los excesos del Ministerio P\u00fablico\u201d, escribi\u00f3 Jos\u00e9 Dant\u00e9s D\u00edaz, titular de la Secretar\u00eda de Asuntos Jur\u00eddicos del PLD.<\/p>\n<p>Argumenta que la reforma aprobada \u201caltera garant\u00edas del debido proceso, ignora precedentes del Tribunal Constitucional y deja en la Procuradora General de la Rep\u00fablica la decisi\u00f3n sobre qu\u00e9 se modifica y c\u00f3mo\u201d, agreg\u00f3 a su comentario en la red social X.<\/p>\n<p>\u201cHoy vemos una cultura donde el Ministerio P\u00fablico act\u00faa con l\u00f3gica de \u201cEstado policial\u201d, sin contrapesos. Reforma s\u00ed. Contrarreforma, no\u201d, concluy\u00f3 Jos\u00e9 Dant\u00e9s D\u00edaz su mensaje.<\/p>\n<p>De su lado, Francisco Dom\u00ednguez Brito, ex Procurador General de la Rep\u00fablica, quien al igual que Jos\u00e9 Dant\u00e9s D\u00edaz es miembro del Comit\u00e9 Pol\u00edtico del Partido de la Liberaci\u00f3n Dominicana (PLD), aclar\u00f3 que la reforma no responde a las necesidades actuales del sistema de justicia.<\/p>\n<p>\u201cLo aprobado no endurece la lucha contra el crimen\u00bb, sostuvo Dom\u00ednguez Brito, quien de inmediato agreg\u00f3 que por el contrario podr\u00eda hacer los procesos judiciales \u00abm\u00e1s lentos de lo insoportablemente lentos que ya eran\u00bb.<\/p>\n<p>Alert\u00f3 respecto al riesgo de que la reforma podr\u00eda elevar la cantidad de personas en prisi\u00f3n preventiva, empeorando el hacinamiento en las c\u00e1rceles y afectando especialmente a acusados por delitos menores.<\/p>\n<p>Francisco Dom\u00ednguez Brito llam\u00f3 a los legisladores a revisar a fondo la pieza y a apostar por un C\u00f3digo Procesal Penal que fortalezca la persecuci\u00f3n penal, reduzca la impunidad y responda a los desaf\u00edos actuales de la seguridad p\u00fablica.<\/p>\n<p>La C\u00e1mara de Diputados aprob\u00f3 en segunda lectura la reforma al CPP en cumplimiento de una sentencia del Tribunal Constitucional y ahora el proyecto aprobado pasa al Senado, donde deber\u00e1 ser aprobado en dos lecturas.<\/p>\n","protected":false},"excerpt":{"rendered":"<p>Reformas al CPP aprobadas por la C\u00e1mara de Diputados no solucionan las dificultades procesales reales opinan Francisco Dom\u00ednguez Brito y Jos\u00e9 Dant\u00e9s D\u00edaz Jos\u00e9 Dant\u00e9s D\u00edaz y Francisco Dom\u00ednguez Brito cuestionaron la reforma al C\u00f3digo Procesal Penal (CPP) aprobada por la C\u00e1mara de Diputados, argumentando, por separado, que lo aprobado no soluciona las dificultades procesales [&hellip;]<\/p>\n","protected":false},"author":1,"featured_media":84460,"comment_status":"open","ping_status":"open","sticky":false,"template":"","format":"standard","meta":{"tdm_status":"","tdm_grid_status":"","footnotes":""},"categories":[9],"tags":[],"_links":{"self":[{"href":"https:\/\/pldaldia.com\/portada\/wp-json\/wp\/v2\/posts\/84459"}],"collection":[{"href":"https:\/\/pldaldia.com\/portada\/wp-json\/wp\/v2\/posts"}],"about":[{"href":"https:\/\/pldaldia.com\/portada\/wp-json\/wp\/v2\/types\/post"}],"author":[{"embeddable":true,"href":"https:\/\/pldaldia.com\/portada\/wp-json\/wp\/v2\/users\/1"}],"replies":[{"embeddable":true,"href":"https:\/\/pldaldia.com\/portada\/wp-json\/wp\/v2\/comments?post=84459"}],"version-history":[{"count":1,"href":"https:\/\/pldaldia.com\/portada\/wp-json\/wp\/v2\/posts\/84459\/revisions"}],"predecessor-version":[{"id":84461,"href":"https:\/\/pldaldia.com\/portada\/wp-json\/wp\/v2\/posts\/84459\/revisions\/84461"}],"wp:featuredmedia":[{"embeddable":true,"href":"https:\/\/pldaldia.com\/portada\/wp-json\/wp\/v2\/media\/84460"}],"wp:attachment":[{"href":"https:\/\/pldaldia.com\/portada\/wp-json\/wp\/v2\/media?parent=84459"}],"wp:term":[{"taxonomy":"category","embeddable":true,"href":"https:\/\/pldaldia.com\/portada\/wp-json\/wp\/v2\/categories?post=84459"},{"taxonomy":"post_tag","embeddable":true,"href":"https:\/\/pldaldia.com\/portada\/wp-json\/wp\/v2\/tags?post=84459"}],"curies":[{"name":"wp","href":"https:\/\/api.w.org\/{rel}","templated":true}]}}