{"id":84476,"date":"2025-12-05T00:17:27","date_gmt":"2025-12-05T04:17:27","guid":{"rendered":"https:\/\/pldaldia.com\/portada\/?p=84476"},"modified":"2025-12-05T00:17:27","modified_gmt":"2025-12-05T04:17:27","slug":"dia-mundial-del-suelo-3","status":"publish","type":"post","link":"https:\/\/pldaldia.com\/portada\/dia-mundial-del-suelo-3\/","title":{"rendered":"D\u00eda Mundial del Suelo"},"content":{"rendered":"<p>El 5 de diciembre se celebra el D\u00eda Mundial del Suelo para concienciar al mundo sobre la importancia de un suelo sano y luchar por la gesti\u00f3n sostenible de los recursos.<\/p>\n","protected":false},"excerpt":{"rendered":"<p>El 5 de diciembre se celebra el D\u00eda Mundial del Suelo para concienciar al mundo sobre la importancia de un suelo sano y luchar por la gesti\u00f3n sostenible de los recursos.<\/p>\n","protected":false},"author":1,"featured_media":84477,"comment_status":"open","ping_status":"open","sticky":false,"template":"","format":"standard","meta":{"tdm_status":"","tdm_grid_status":"","footnotes":""},"categories":[57],"tags":[],"_links":{"self":[{"href":"https:\/\/pldaldia.com\/portada\/wp-json\/wp\/v2\/posts\/84476"}],"collection":[{"href":"https:\/\/pldaldia.com\/portada\/wp-json\/wp\/v2\/posts"}],"about":[{"href":"https:\/\/pldaldia.com\/portada\/wp-json\/wp\/v2\/types\/post"}],"author":[{"embeddable":true,"href":"https:\/\/pldaldia.com\/portada\/wp-json\/wp\/v2\/users\/1"}],"replies":[{"embeddable":true,"href":"https:\/\/pldaldia.com\/portada\/wp-json\/wp\/v2\/comments?post=84476"}],"version-history":[{"count":1,"href":"https:\/\/pldaldia.com\/portada\/wp-json\/wp\/v2\/posts\/84476\/revisions"}],"predecessor-version":[{"id":84478,"href":"https:\/\/pldaldia.com\/portada\/wp-json\/wp\/v2\/posts\/84476\/revisions\/84478"}],"wp:featuredmedia":[{"embeddable":true,"href":"https:\/\/pldaldia.com\/portada\/wp-json\/wp\/v2\/media\/84477"}],"wp:attachment":[{"href":"https:\/\/pldaldia.com\/portada\/wp-json\/wp\/v2\/media?parent=84476"}],"wp:term":[{"taxonomy":"category","embeddable":true,"href":"https:\/\/pldaldia.com\/portada\/wp-json\/wp\/v2\/categories?post=84476"},{"taxonomy":"post_tag","embeddable":true,"href":"https:\/\/pldaldia.com\/portada\/wp-json\/wp\/v2\/tags?post=84476"}],"curies":[{"name":"wp","href":"https:\/\/api.w.org\/{rel}","templated":true}]}}