{"id":84479,"date":"2025-12-05T00:21:55","date_gmt":"2025-12-05T04:21:55","guid":{"rendered":"https:\/\/pldaldia.com\/portada\/?p=84479"},"modified":"2025-12-05T00:21:55","modified_gmt":"2025-12-05T04:21:55","slug":"la-economia-dominicana-luce-en-una-situacion-de-paralisis","status":"publish","type":"post","link":"https:\/\/pldaldia.com\/portada\/la-economia-dominicana-luce-en-una-situacion-de-paralisis\/","title":{"rendered":"La Econom\u00eda dominicana \u201cluce en una situaci\u00f3n de par\u00e1lisis\u201d"},"content":{"rendered":"<p>El economista Richard Medina, miembro del Comit\u00e9 Pol\u00edtico del Partido de la Liberaci\u00f3n Dominicana (PLD), al afirmar que la econom\u00eda de Rep\u00fablica Dominicana est\u00e1 creciendo muy poco, afirma que \u201cluce en una situaci\u00f3n de par\u00e1lisis\u201d.<\/p>\n<p>\u201cEl estancamiento dominicano no se debe principalmente a factores externos. Si as\u00ed fuera, la regi\u00f3n mostrar\u00eda desempe\u00f1os igualmente bajos, cuando hist\u00f3ricamente Rep\u00fablica Dominicana ha liderado el crecimiento\u201d, aclar\u00f3 Medina en un art\u00edculo publicado en los medios period\u00edsticos List\u00edn Diario y Vanguardia del Pueblo.<\/p>\n<p>Considera el tambi\u00e9n acad\u00e9mico que la debilidad se percibe m\u00e1s generalizada: bajo dinamismo del consumo privado, poco crecimiento de la inversi\u00f3n p\u00fablica y ca\u00edda de la formaci\u00f3n bruta de capital.<\/p>\n","protected":false},"excerpt":{"rendered":"<p>El economista Richard Medina, miembro del Comit\u00e9 Pol\u00edtico del Partido de la Liberaci\u00f3n Dominicana (PLD), al afirmar que la econom\u00eda de Rep\u00fablica Dominicana est\u00e1 creciendo muy poco, afirma que \u201cluce en una situaci\u00f3n de par\u00e1lisis\u201d. \u201cEl estancamiento dominicano no se debe principalmente a factores externos. Si as\u00ed fuera, la regi\u00f3n mostrar\u00eda desempe\u00f1os igualmente bajos, cuando [&hellip;]<\/p>\n","protected":false},"author":1,"featured_media":75440,"comment_status":"open","ping_status":"open","sticky":false,"template":"","format":"standard","meta":{"tdm_status":"","tdm_grid_status":"","footnotes":""},"categories":[50],"tags":[],"_links":{"self":[{"href":"https:\/\/pldaldia.com\/portada\/wp-json\/wp\/v2\/posts\/84479"}],"collection":[{"href":"https:\/\/pldaldia.com\/portada\/wp-json\/wp\/v2\/posts"}],"about":[{"href":"https:\/\/pldaldia.com\/portada\/wp-json\/wp\/v2\/types\/post"}],"author":[{"embeddable":true,"href":"https:\/\/pldaldia.com\/portada\/wp-json\/wp\/v2\/users\/1"}],"replies":[{"embeddable":true,"href":"https:\/\/pldaldia.com\/portada\/wp-json\/wp\/v2\/comments?post=84479"}],"version-history":[{"count":1,"href":"https:\/\/pldaldia.com\/portada\/wp-json\/wp\/v2\/posts\/84479\/revisions"}],"predecessor-version":[{"id":84481,"href":"https:\/\/pldaldia.com\/portada\/wp-json\/wp\/v2\/posts\/84479\/revisions\/84481"}],"wp:featuredmedia":[{"embeddable":true,"href":"https:\/\/pldaldia.com\/portada\/wp-json\/wp\/v2\/media\/75440"}],"wp:attachment":[{"href":"https:\/\/pldaldia.com\/portada\/wp-json\/wp\/v2\/media?parent=84479"}],"wp:term":[{"taxonomy":"category","embeddable":true,"href":"https:\/\/pldaldia.com\/portada\/wp-json\/wp\/v2\/categories?post=84479"},{"taxonomy":"post_tag","embeddable":true,"href":"https:\/\/pldaldia.com\/portada\/wp-json\/wp\/v2\/tags?post=84479"}],"curies":[{"name":"wp","href":"https:\/\/api.w.org\/{rel}","templated":true}]}}