{"id":84482,"date":"2025-12-05T00:22:41","date_gmt":"2025-12-05T04:22:41","guid":{"rendered":"https:\/\/pldaldia.com\/portada\/?p=84482"},"modified":"2025-12-05T00:22:41","modified_gmt":"2025-12-05T04:22:41","slug":"dialogo-entre-nicolas-maduro-y-donald-trump-fue-respetuoso-y-cordial","status":"publish","type":"post","link":"https:\/\/pldaldia.com\/portada\/dialogo-entre-nicolas-maduro-y-donald-trump-fue-respetuoso-y-cordial\/","title":{"rendered":"Di\u00e1logo entre Nicol\u00e1s Maduro y Donald Trump fue respetuoso y cordial"},"content":{"rendered":"<p>El presidente de Venezuela, Nicol\u00e1s Maduro, revel\u00f3 detalles de su conversaci\u00f3n telef\u00f3nica con su par estadounidense, Donald Trump, la cual dijo fue en tono de respeto, e inclusive, cordial.<\/p>\n<p>En jornada de trabajo en Petare, estado de Miranda, para supervisar los avances en la ruta de la consolidaci\u00f3n del Gobierno en la Comuna \u201cSim\u00f3n Rodr\u00edguez\u201d, el dignatario se refiri\u00f3 a la prudencia adquirida durante sus seis a\u00f1os como canciller de la Rep\u00fablica Bolivariana.<\/p>\n<p>Expres\u00f3 que en ese periodo aprendi\u00f3 la prudencia diplom\u00e1tica y en estos a\u00f1os de Presidente, con esa escuela, y del maestro que tuvo en el comandante Hugo Ch\u00e1vez, le \u201cgusta la prudencia y no la diplomacia de micr\u00f3fono\u201d.<\/p>\n<p>Noti resumen internacional<\/p>\n<p>El expresidente brasile\u00f1o Jair Bolsonaro, quien cumple hoy condena en r\u00e9gimen cerrado por golpista, podr\u00eda ingresar a prisi\u00f3n semiabierta el 23 de abril de 2033 y optar por la libertad condicional el 13 de marzo de 2037.<\/p>\n<p>\u2026\u2026\u2026\u2026<\/p>\n<p>El presidente chino, Xi Jinping, inform\u00f3 hoy sobre el consenso de cooperaci\u00f3n con Francia en cuatro ejes clave y anunci\u00f3 un respaldo econ\u00f3mico a la reconstrucci\u00f3n en la Franja de Gaza.<\/p>\n<p>\u2026\u2026\u2026\u2026..<\/p>\n<p>El presidente de Rusia, Vladimir Putin, inicia hoy una visita hist\u00f3rica a India para encabezar con el primer ministro Narendra Modi la 23 Cumbre anual bilateral, dirigida a continuar el impulso de los nexos econ\u00f3mico-comerciales.<\/p>\n","protected":false},"excerpt":{"rendered":"<p>El presidente de Venezuela, Nicol\u00e1s Maduro, revel\u00f3 detalles de su conversaci\u00f3n telef\u00f3nica con su par estadounidense, Donald Trump, la cual dijo fue en tono de respeto, e inclusive, cordial. En jornada de trabajo en Petare, estado de Miranda, para supervisar los avances en la ruta de la consolidaci\u00f3n del Gobierno en la Comuna \u201cSim\u00f3n Rodr\u00edguez\u201d, [&hellip;]<\/p>\n","protected":false},"author":1,"featured_media":84480,"comment_status":"open","ping_status":"open","sticky":false,"template":"","format":"standard","meta":{"tdm_status":"","tdm_grid_status":"","footnotes":""},"categories":[51],"tags":[],"_links":{"self":[{"href":"https:\/\/pldaldia.com\/portada\/wp-json\/wp\/v2\/posts\/84482"}],"collection":[{"href":"https:\/\/pldaldia.com\/portada\/wp-json\/wp\/v2\/posts"}],"about":[{"href":"https:\/\/pldaldia.com\/portada\/wp-json\/wp\/v2\/types\/post"}],"author":[{"embeddable":true,"href":"https:\/\/pldaldia.com\/portada\/wp-json\/wp\/v2\/users\/1"}],"replies":[{"embeddable":true,"href":"https:\/\/pldaldia.com\/portada\/wp-json\/wp\/v2\/comments?post=84482"}],"version-history":[{"count":1,"href":"https:\/\/pldaldia.com\/portada\/wp-json\/wp\/v2\/posts\/84482\/revisions"}],"predecessor-version":[{"id":84483,"href":"https:\/\/pldaldia.com\/portada\/wp-json\/wp\/v2\/posts\/84482\/revisions\/84483"}],"wp:featuredmedia":[{"embeddable":true,"href":"https:\/\/pldaldia.com\/portada\/wp-json\/wp\/v2\/media\/84480"}],"wp:attachment":[{"href":"https:\/\/pldaldia.com\/portada\/wp-json\/wp\/v2\/media?parent=84482"}],"wp:term":[{"taxonomy":"category","embeddable":true,"href":"https:\/\/pldaldia.com\/portada\/wp-json\/wp\/v2\/categories?post=84482"},{"taxonomy":"post_tag","embeddable":true,"href":"https:\/\/pldaldia.com\/portada\/wp-json\/wp\/v2\/tags?post=84482"}],"curies":[{"name":"wp","href":"https:\/\/api.w.org\/{rel}","templated":true}]}}