{"id":84484,"date":"2025-12-05T10:13:25","date_gmt":"2025-12-05T14:13:25","guid":{"rendered":"https:\/\/pldaldia.com\/portada\/?p=84484"},"modified":"2025-12-05T10:13:25","modified_gmt":"2025-12-05T14:13:25","slug":"mariotti-llama-al-senado-a-revisar-reformas-al-codigo-procesal-penal","status":"publish","type":"post","link":"https:\/\/pldaldia.com\/portada\/mariotti-llama-al-senado-a-revisar-reformas-al-codigo-procesal-penal\/","title":{"rendered":"Mariotti llama al Senado a revisar reformas al C\u00f3digo Procesal Penal"},"content":{"rendered":"<p>El ex senador, Charles Mariotti, calific\u00f3 como \u00abinjusto y profundamente desequilibrado\u00bb el proyecto de C\u00f3digo Procesal Penal reci\u00e9n aprobado por la C\u00e1mara de Diputados, al considerar que la pieza rompe el balance esencial que debe existir en un Estado social y democr\u00e1tico de derecho entre la persecuci\u00f3n penal, las garant\u00edas del imputado y el rol neutral de los jueces.<\/p>\n<p>Mariotti, pasado Secretario General del PLD, afirm\u00f3 que el texto aprobado representa un \u00abretroceso institucional\u00bb porque concentra un poder extraordinario en manos del Ministerio P\u00fablico, reduce los controles judiciales y debilita derechos fundamentales reconocidos por la Constituci\u00f3n, la jurisprudencia del Tribunal Constitucional y los est\u00e1ndares de la Corte Interamericana de Derechos Humanos.<\/p>\n<p>Seg\u00fan explic\u00f3, \u00ablo que se presenta como modernizaci\u00f3n es, en realidad, un giro hacia un modelo m\u00e1s inquisitivo, m\u00e1s discrecional y menos garantista\u00bb.<\/p>\n<p>Mediante un despacho de prensa Mariotti considera que el proyecto permite que el Ministerio P\u00fablico interrumpa la prescripci\u00f3n con simples actos unilaterales, extienda investigaciones por tiempo indefinido y aplique medidas reales sin notificaci\u00f3n previa.<\/p>\n<p>Considera que el redise\u00f1o procesal trastoca el principio de tutela judicial efectiva, ignora precedentes recientes del Tribunal Constitucional, como las sentencias TC\/0592\/24 y TC\/0766\/24, y crea un escenario en el que un solo actor procesa, condiciona y define las etapas cr\u00edticas del proceso penal sin contrapesos reales.<\/p>\n<p>Tambi\u00e9n calific\u00f3 como grave el \u00abdebilitamiento del derecho de defensa\u00bb que implica la reforma, al restringir el acceso temprano a la carpeta fiscal, permitir que la ausencia del imputado derive en medidas m\u00e1s severas sin notificaci\u00f3n adecuada y mantener figuras ambiguas, como la del \u00abinvestigado\u00bb, ya declaradas contrarias al debido proceso.<\/p>\n<p>A su juicio, estas disposiciones eliminan la igualdad de armas y comprometen la claridad con la que deben presentarse los cargos, tanto en la fase preliminar como en el juicio.<\/p>\n<p>El exsenador tambi\u00e9n manifest\u00f3 preocupaci\u00f3n frente al uso ampliado de figuras intrusivas, como agentes encubiertos sin l\u00edmites temporales definidos, interceptaciones que pueden renovarse sin tope establecido y la incorporaci\u00f3n por lectura de informes encubiertos que no pueden ser controvertidos de manera efectiva.<\/p>\n<p>Para Mariotti, \u00abel combate al crimen no puede justificar la eliminaci\u00f3n de garant\u00edas b\u00e1sicas ni la creaci\u00f3n de espacios opacos donde la defensa no pueda ejercer contradicci\u00f3n real\u00bb.<\/p>\n<p>Hizo un llamado al Senado de la Rep\u00fablica a revisar a fondo la pieza, corregir sus desequilibrios y garantizar un C\u00f3digo Procesal Penal verdaderamente moderno, democr\u00e1tico y respetuoso de los derechos fundamentales.<\/p>\n","protected":false},"excerpt":{"rendered":"<p>El ex senador, Charles Mariotti, calific\u00f3 como \u00abinjusto y profundamente desequilibrado\u00bb el proyecto de C\u00f3digo Procesal Penal reci\u00e9n aprobado por la C\u00e1mara de Diputados, al considerar que la pieza rompe el balance esencial que debe existir en un Estado social y democr\u00e1tico de derecho entre la persecuci\u00f3n penal, las garant\u00edas del imputado y el rol [&hellip;]<\/p>\n","protected":false},"author":1,"featured_media":84485,"comment_status":"open","ping_status":"open","sticky":false,"template":"","format":"standard","meta":{"tdm_status":"","tdm_grid_status":"","footnotes":""},"categories":[9],"tags":[],"_links":{"self":[{"href":"https:\/\/pldaldia.com\/portada\/wp-json\/wp\/v2\/posts\/84484"}],"collection":[{"href":"https:\/\/pldaldia.com\/portada\/wp-json\/wp\/v2\/posts"}],"about":[{"href":"https:\/\/pldaldia.com\/portada\/wp-json\/wp\/v2\/types\/post"}],"author":[{"embeddable":true,"href":"https:\/\/pldaldia.com\/portada\/wp-json\/wp\/v2\/users\/1"}],"replies":[{"embeddable":true,"href":"https:\/\/pldaldia.com\/portada\/wp-json\/wp\/v2\/comments?post=84484"}],"version-history":[{"count":1,"href":"https:\/\/pldaldia.com\/portada\/wp-json\/wp\/v2\/posts\/84484\/revisions"}],"predecessor-version":[{"id":84486,"href":"https:\/\/pldaldia.com\/portada\/wp-json\/wp\/v2\/posts\/84484\/revisions\/84486"}],"wp:featuredmedia":[{"embeddable":true,"href":"https:\/\/pldaldia.com\/portada\/wp-json\/wp\/v2\/media\/84485"}],"wp:attachment":[{"href":"https:\/\/pldaldia.com\/portada\/wp-json\/wp\/v2\/media?parent=84484"}],"wp:term":[{"taxonomy":"category","embeddable":true,"href":"https:\/\/pldaldia.com\/portada\/wp-json\/wp\/v2\/categories?post=84484"},{"taxonomy":"post_tag","embeddable":true,"href":"https:\/\/pldaldia.com\/portada\/wp-json\/wp\/v2\/tags?post=84484"}],"curies":[{"name":"wp","href":"https:\/\/api.w.org\/{rel}","templated":true}]}}