{"id":84509,"date":"2025-12-06T00:05:57","date_gmt":"2025-12-06T04:05:57","guid":{"rendered":"https:\/\/pldaldia.com\/portada\/?p=84509"},"modified":"2025-12-06T00:05:57","modified_gmt":"2025-12-06T04:05:57","slug":"natalicio-de-maria-de-la-concepcion-bona","status":"publish","type":"post","link":"https:\/\/pldaldia.com\/portada\/natalicio-de-maria-de-la-concepcion-bona\/","title":{"rendered":"Natalicio de Mar\u00eda de la Concepci\u00f3n Bona"},"content":{"rendered":"<p>El 6 de diciembre en Rep\u00fablica Dominicana se celebra el natalicio de Mar\u00eda de la Concepci\u00f3n Bona, una figura clave en la independencia por su papel en la creaci\u00f3n de la primera bandera dominicana.<\/p>\n","protected":false},"excerpt":{"rendered":"<p>El 6 de diciembre en Rep\u00fablica Dominicana se celebra el natalicio de Mar\u00eda de la Concepci\u00f3n Bona, una figura clave en la independencia por su papel en la creaci\u00f3n de la primera bandera dominicana.<\/p>\n","protected":false},"author":1,"featured_media":84508,"comment_status":"open","ping_status":"open","sticky":false,"template":"","format":"standard","meta":{"tdm_status":"","tdm_grid_status":"","footnotes":""},"categories":[57],"tags":[],"_links":{"self":[{"href":"https:\/\/pldaldia.com\/portada\/wp-json\/wp\/v2\/posts\/84509"}],"collection":[{"href":"https:\/\/pldaldia.com\/portada\/wp-json\/wp\/v2\/posts"}],"about":[{"href":"https:\/\/pldaldia.com\/portada\/wp-json\/wp\/v2\/types\/post"}],"author":[{"embeddable":true,"href":"https:\/\/pldaldia.com\/portada\/wp-json\/wp\/v2\/users\/1"}],"replies":[{"embeddable":true,"href":"https:\/\/pldaldia.com\/portada\/wp-json\/wp\/v2\/comments?post=84509"}],"version-history":[{"count":1,"href":"https:\/\/pldaldia.com\/portada\/wp-json\/wp\/v2\/posts\/84509\/revisions"}],"predecessor-version":[{"id":84510,"href":"https:\/\/pldaldia.com\/portada\/wp-json\/wp\/v2\/posts\/84509\/revisions\/84510"}],"wp:featuredmedia":[{"embeddable":true,"href":"https:\/\/pldaldia.com\/portada\/wp-json\/wp\/v2\/media\/84508"}],"wp:attachment":[{"href":"https:\/\/pldaldia.com\/portada\/wp-json\/wp\/v2\/media?parent=84509"}],"wp:term":[{"taxonomy":"category","embeddable":true,"href":"https:\/\/pldaldia.com\/portada\/wp-json\/wp\/v2\/categories?post=84509"},{"taxonomy":"post_tag","embeddable":true,"href":"https:\/\/pldaldia.com\/portada\/wp-json\/wp\/v2\/tags?post=84509"}],"curies":[{"name":"wp","href":"https:\/\/api.w.org\/{rel}","templated":true}]}}