{"id":84511,"date":"2025-12-06T00:10:46","date_gmt":"2025-12-06T04:10:46","guid":{"rendered":"https:\/\/pldaldia.com\/portada\/?p=84511"},"modified":"2025-12-06T00:10:46","modified_gmt":"2025-12-06T04:10:46","slug":"el-pld-termina-el-2025-en-el-primer-lugar-de-la-aceptacion-popular","status":"publish","type":"post","link":"https:\/\/pldaldia.com\/portada\/el-pld-termina-el-2025-en-el-primer-lugar-de-la-aceptacion-popular\/","title":{"rendered":"El PLD termina el 2025 en el primer lugar de la aceptaci\u00f3n popular"},"content":{"rendered":"<p>Por: H\u00e9ctor Olivo | El Partido de la Liberaci\u00f3n Dominicana (PLD) tiene doble motivo para celebrar en diciembre, las festividades navide\u00f1as y la fecha del aniversario de su fundaci\u00f3n.<\/p>\n<p>El 2025, que agota su mes final, le agrega un motivo a las celebraciones, es el repunte de la organizaci\u00f3n, su consolidaci\u00f3n y fortalecimiento.<\/p>\n<p>El PLD termina el 2025 liderando la oposici\u00f3n pol\u00edtica y compitiendo cabeza con cabeza, como se dice en el lenguaje del hipismo, con el partido en el Gobierno por el primer lugar.<\/p>\n<p>Las mediciones a cargo de empresas especializadas y las propias del PLD, que se realizan para trazar estrategias y l\u00ednea de trabajo, as\u00ed lo confirman.<\/p>\n<p>Adversarios al PLD han querido poner estas revelaciones en duda, pero son los hechos, que lo confirman.<\/p>\n<p>Desde el Gobierno se han acentuado los ataques y persecuciones al PLD y sus dirigentes, poniendo de ejemplo las referencias al presidente del PLD, Danilo Medina, en la galer\u00eda semanal de los lunes, que encabeza desde el Palacio Nacional, el presidente de la Republica.<\/p>\n<p>Desde sectores de la oposici\u00f3n han tratado de caerle atr\u00e1s a las iniciativas peledeistas con la concurridas asambleas provinciales que han generado un entusiasmo popular y el anhelo del regreso al gobierno del PLD, en raz\u00f3n de que con el PLD se viv\u00eda mejor.<\/p>\n<p>Los t\u00e9cnicos y profesionales del PLD trazan la pauta en la opini\u00f3n p\u00fablica con las ruedas de prensa de los lunes, realizando denuncias sustentadas y haciendo los aportes correspondientes en un ejercicio de oposici\u00f3n constructiva, como lo ense\u00f1o del Profesor Juan Bosch.<\/p>\n<p>Los voceros peledeistas son solicitados de forma frecuente en los medios de comunicaci\u00f3n, nuestros congresistas y regidores se mantienen activos con aportes en las sesiones de la Camara Baja y en las salas capitulares donde deliberan.<\/p>\n<p>El Partido de la Liberaci\u00f3n Dominicana va concluir el 2025 en alta, lo que le permitir\u00e1 entrar al 2026, con nuevos br\u00edos, para completar el calendario de asambleas, y ya con un protocolo, proceder a la elecci\u00f3n de la candidatura presidencial y posiblemente las congresuales y municipales.<\/p>\n<p>Lo que est\u00e1 a la vista, no necesita espejuelos, pese a los virulentos ataques del gobierno, su partido y un sector opositor, el PLD se fortalece y emprende con firmeza la marcha hacia la conquista de nuevos triunfos electorales.<\/p>\n","protected":false},"excerpt":{"rendered":"<p>Por: H\u00e9ctor Olivo | El Partido de la Liberaci\u00f3n Dominicana (PLD) tiene doble motivo para celebrar en diciembre, las festividades navide\u00f1as y la fecha del aniversario de su fundaci\u00f3n. El 2025, que agota su mes final, le agrega un motivo a las celebraciones, es el repunte de la organizaci\u00f3n, su consolidaci\u00f3n y fortalecimiento. El PLD [&hellip;]<\/p>\n","protected":false},"author":1,"featured_media":65375,"comment_status":"open","ping_status":"open","sticky":false,"template":"","format":"standard","meta":{"tdm_status":"","tdm_grid_status":"","footnotes":""},"categories":[53],"tags":[],"_links":{"self":[{"href":"https:\/\/pldaldia.com\/portada\/wp-json\/wp\/v2\/posts\/84511"}],"collection":[{"href":"https:\/\/pldaldia.com\/portada\/wp-json\/wp\/v2\/posts"}],"about":[{"href":"https:\/\/pldaldia.com\/portada\/wp-json\/wp\/v2\/types\/post"}],"author":[{"embeddable":true,"href":"https:\/\/pldaldia.com\/portada\/wp-json\/wp\/v2\/users\/1"}],"replies":[{"embeddable":true,"href":"https:\/\/pldaldia.com\/portada\/wp-json\/wp\/v2\/comments?post=84511"}],"version-history":[{"count":1,"href":"https:\/\/pldaldia.com\/portada\/wp-json\/wp\/v2\/posts\/84511\/revisions"}],"predecessor-version":[{"id":84512,"href":"https:\/\/pldaldia.com\/portada\/wp-json\/wp\/v2\/posts\/84511\/revisions\/84512"}],"wp:featuredmedia":[{"embeddable":true,"href":"https:\/\/pldaldia.com\/portada\/wp-json\/wp\/v2\/media\/65375"}],"wp:attachment":[{"href":"https:\/\/pldaldia.com\/portada\/wp-json\/wp\/v2\/media?parent=84511"}],"wp:term":[{"taxonomy":"category","embeddable":true,"href":"https:\/\/pldaldia.com\/portada\/wp-json\/wp\/v2\/categories?post=84511"},{"taxonomy":"post_tag","embeddable":true,"href":"https:\/\/pldaldia.com\/portada\/wp-json\/wp\/v2\/tags?post=84511"}],"curies":[{"name":"wp","href":"https:\/\/api.w.org\/{rel}","templated":true}]}}