{"id":84518,"date":"2025-12-06T12:37:01","date_gmt":"2025-12-06T16:37:01","guid":{"rendered":"https:\/\/pldaldia.com\/portada\/?p=84518"},"modified":"2025-12-06T12:37:01","modified_gmt":"2025-12-06T16:37:01","slug":"advierte-sobre-los-riesgos-de-debilitar-los-fundamentos-de-la-democracia","status":"publish","type":"post","link":"https:\/\/pldaldia.com\/portada\/advierte-sobre-los-riesgos-de-debilitar-los-fundamentos-de-la-democracia\/","title":{"rendered":"Advierte sobre los riesgos de debilitar los fundamentos de la democracia"},"content":{"rendered":"<p>Tem\u00edstocles Mont\u00e1s aboga por el fortalecimiento de la cultura democr\u00e1tica para contener el avance de los que se denomina \u201cnueva derecha\u201d.<\/p>\n<p>Tem\u00edstocles Mont\u00e1s, vicepresidente del Partido de la Liberaci\u00f3n Dominicana (PLD), considera que ante un nuevo escenario internacional, caracterizado por la polarizaci\u00f3n y la desinformaci\u00f3n se debe insistir en el fortalecimiento de la cultura democr\u00e1tica, lo que considera una tarea esencial de quienes creen en la libertad, la justicia y la dignidad del ser humano.<\/p>\n<p>\u201cEducar en el pensamiento cr\u00edtico, proteger la prensa libre y cultivar el respeto al disenso\u201d, son de las acciones recomendadas por Mont\u00e1s en el art\u00edculo titulado:\u201d Del fantasma del comunismo al fantasma de la nueva derecha: el miedo como instrumento pol\u00edtico\u201d, publicado en los peri\u00f3dicos Hoy Y Vanguardia del Pueblo.<\/p>\n<p>\u201cEl avance de la nueva derecha representa una amenaza sist\u00e9mica para las democracias liberales contempor\u00e1neas. Su estrategia consiste en debilitar los fundamentos de la democracia, la tolerancia, la verdad, la empat\u00eda y el respeto a las minor\u00edas, mientras conserva las apariencias electorales\u201d, apunt\u00f3 Mont\u00e1s en su escrito.<\/p>\n<p>Considera que la ahora denominada nueva derecha socava la confianza en las instituciones, erosiona la verdad p\u00fablica, legitima el autoritarismo emocional y promueve una regresi\u00f3n c\u00edvica donde el pluralismo y la deliberaci\u00f3n se sustituyen por la obediencia al l\u00edder y la polarizaci\u00f3n constante.<\/p>\n<p>Afirmar que \u201choy el fantasma que recorre el mundo es el de la nueva derecha\u201d es reconocer que vivimos una \u00e9poca donde la emoci\u00f3n ha desplazado a la raz\u00f3n y la nostalgia al progreso, acot\u00f3 el vicepresidente del PLD.<\/p>\n<p>En su articulo Tem\u00edstocles Mont\u00e1s cita a la polit\u00f3loga argentina Antonella Marty, quien sostiene en un trabajo de reciente publicaci\u00f3n, que esta corriente (la nueva derecha) no constituye una ideolog\u00eda estructurada, sino una coalici\u00f3n de mitos, emociones y resentimientos que explota el malestar social contempor\u00e1neo.<\/p>\n","protected":false},"excerpt":{"rendered":"<p>Tem\u00edstocles Mont\u00e1s aboga por el fortalecimiento de la cultura democr\u00e1tica para contener el avance de los que se denomina \u201cnueva derecha\u201d. Tem\u00edstocles Mont\u00e1s, vicepresidente del Partido de la Liberaci\u00f3n Dominicana (PLD), considera que ante un nuevo escenario internacional, caracterizado por la polarizaci\u00f3n y la desinformaci\u00f3n se debe insistir en el fortalecimiento de la cultura democr\u00e1tica, [&hellip;]<\/p>\n","protected":false},"author":1,"featured_media":84519,"comment_status":"open","ping_status":"open","sticky":false,"template":"","format":"standard","meta":{"tdm_status":"","tdm_grid_status":"","footnotes":""},"categories":[9],"tags":[],"_links":{"self":[{"href":"https:\/\/pldaldia.com\/portada\/wp-json\/wp\/v2\/posts\/84518"}],"collection":[{"href":"https:\/\/pldaldia.com\/portada\/wp-json\/wp\/v2\/posts"}],"about":[{"href":"https:\/\/pldaldia.com\/portada\/wp-json\/wp\/v2\/types\/post"}],"author":[{"embeddable":true,"href":"https:\/\/pldaldia.com\/portada\/wp-json\/wp\/v2\/users\/1"}],"replies":[{"embeddable":true,"href":"https:\/\/pldaldia.com\/portada\/wp-json\/wp\/v2\/comments?post=84518"}],"version-history":[{"count":1,"href":"https:\/\/pldaldia.com\/portada\/wp-json\/wp\/v2\/posts\/84518\/revisions"}],"predecessor-version":[{"id":84520,"href":"https:\/\/pldaldia.com\/portada\/wp-json\/wp\/v2\/posts\/84518\/revisions\/84520"}],"wp:featuredmedia":[{"embeddable":true,"href":"https:\/\/pldaldia.com\/portada\/wp-json\/wp\/v2\/media\/84519"}],"wp:attachment":[{"href":"https:\/\/pldaldia.com\/portada\/wp-json\/wp\/v2\/media?parent=84518"}],"wp:term":[{"taxonomy":"category","embeddable":true,"href":"https:\/\/pldaldia.com\/portada\/wp-json\/wp\/v2\/categories?post=84518"},{"taxonomy":"post_tag","embeddable":true,"href":"https:\/\/pldaldia.com\/portada\/wp-json\/wp\/v2\/tags?post=84518"}],"curies":[{"name":"wp","href":"https:\/\/api.w.org\/{rel}","templated":true}]}}