{"id":84525,"date":"2025-12-07T00:10:24","date_gmt":"2025-12-07T04:10:24","guid":{"rendered":"https:\/\/pldaldia.com\/portada\/?p=84525"},"modified":"2025-12-07T00:10:24","modified_gmt":"2025-12-07T04:10:24","slug":"dia-internacional-de-la-aviacion-civil-4","status":"publish","type":"post","link":"https:\/\/pldaldia.com\/portada\/dia-internacional-de-la-aviacion-civil-4\/","title":{"rendered":"D\u00eda Internacional de la Aviaci\u00f3n Civil"},"content":{"rendered":"<p>La ONU reconoci\u00f3 oficialmente en 1996 que el 7 de diciembre se celebrar\u00eda el D\u00eda Internacional de la Aviaci\u00f3n Civil. Pero ya se ven\u00eda celebrando por parte de la Organizaci\u00f3n de Aviaci\u00f3n Civil Internacional (OACI) desde 1992. La fecha conmemora la creaci\u00f3n de la OACI en 1944, que es el organismo que regula las normas sobre aviaci\u00f3n civil.<\/p>\n","protected":false},"excerpt":{"rendered":"<p>La ONU reconoci\u00f3 oficialmente en 1996 que el 7 de diciembre se celebrar\u00eda el D\u00eda Internacional de la Aviaci\u00f3n Civil. Pero ya se ven\u00eda celebrando por parte de la Organizaci\u00f3n de Aviaci\u00f3n Civil Internacional (OACI) desde 1992. La fecha conmemora la creaci\u00f3n de la OACI en 1944, que es el organismo que regula las normas [&hellip;]<\/p>\n","protected":false},"author":1,"featured_media":84526,"comment_status":"open","ping_status":"open","sticky":false,"template":"","format":"standard","meta":{"tdm_status":"","tdm_grid_status":"","footnotes":""},"categories":[57],"tags":[],"_links":{"self":[{"href":"https:\/\/pldaldia.com\/portada\/wp-json\/wp\/v2\/posts\/84525"}],"collection":[{"href":"https:\/\/pldaldia.com\/portada\/wp-json\/wp\/v2\/posts"}],"about":[{"href":"https:\/\/pldaldia.com\/portada\/wp-json\/wp\/v2\/types\/post"}],"author":[{"embeddable":true,"href":"https:\/\/pldaldia.com\/portada\/wp-json\/wp\/v2\/users\/1"}],"replies":[{"embeddable":true,"href":"https:\/\/pldaldia.com\/portada\/wp-json\/wp\/v2\/comments?post=84525"}],"version-history":[{"count":1,"href":"https:\/\/pldaldia.com\/portada\/wp-json\/wp\/v2\/posts\/84525\/revisions"}],"predecessor-version":[{"id":84527,"href":"https:\/\/pldaldia.com\/portada\/wp-json\/wp\/v2\/posts\/84525\/revisions\/84527"}],"wp:featuredmedia":[{"embeddable":true,"href":"https:\/\/pldaldia.com\/portada\/wp-json\/wp\/v2\/media\/84526"}],"wp:attachment":[{"href":"https:\/\/pldaldia.com\/portada\/wp-json\/wp\/v2\/media?parent=84525"}],"wp:term":[{"taxonomy":"category","embeddable":true,"href":"https:\/\/pldaldia.com\/portada\/wp-json\/wp\/v2\/categories?post=84525"},{"taxonomy":"post_tag","embeddable":true,"href":"https:\/\/pldaldia.com\/portada\/wp-json\/wp\/v2\/tags?post=84525"}],"curies":[{"name":"wp","href":"https:\/\/api.w.org\/{rel}","templated":true}]}}